{"id":9890,"date":"2020-01-22T05:31:00","date_gmt":"2020-01-22T04:31:00","guid":{"rendered":"http:\/\/www.on4cn.be\/blog_radio\/?p=9890"},"modified":"2020-01-22T05:31:00","modified_gmt":"2020-01-22T04:31:00","slug":"v31vp-belice-3","status":"publish","type":"post","link":"https:\/\/www.on4cn.be\/blog_radio\/2020\/01\/22\/v31vp-belice-3\/","title":{"rendered":"V31VP, Belice"},"content":{"rendered":"<article class=\"article\">\n<center><strong><span style=\"color: #ff0000;\"><\/p>\n<h3>Information V31VP, Belice<\/h3>\n<p><\/span><\/strong><\/center><\/p>\n<p style=\"text-align: center;\"><a href=\"https:\/\/1.bp.blogspot.com\/-i0_DBP5WEB8\/XicpXbfCKVI\/AAAAAAABGfw\/BsCKWOBQM6cO5d5S7nB9038gvo8jbofSwCLcBGAsYHQ\/s1600\/V31VP_jpg_jpeg%2B2.jpg\" imageanchor=\"1\" style=\"margin-left: 1em; margin-right: 1em;\"><img loading=\"lazy\" decoding=\"async\" width=\"600\" height=\"400\" src=\"https:\/\/1.bp.blogspot.com\/-i0_DBP5WEB8\/XicpXbfCKVI\/AAAAAAABGfw\/BsCKWOBQM6cO5d5S7nB9038gvo8jbofSwCLcBGAsYHQ\/s1600\/V31VP_jpg_jpeg%2B2.jpg\" \/><\/a><\/p>\n<p style=\"text-align: justify;\"><b>Victor &#8211; WB0TEV<\/b><br \/>\nJ&rsquo;ai l&rsquo;intention de retourner au Belize du 5 au 11 f\u00e9vrier 2020 pour participer au concours WPX RTTY. Et fin mars 2020 accompagn\u00e9 de K5PS (V31CQ), nous concourrons en cat\u00e9gorie M \/ 2 au concours WPX SSB. Qsl via WB0TEV<br \/>\n(buro \/ direct).<\/p>\n<p style=\"text-align: justify;\">73, &#8211; Claude ON4CN<\/p>\n<p style=\"text-align: justify;\">Info de la Source de EA1CS <a href=\"http:\/\/ea1cs.blogspot.com\/\" target=\"_blank\" rel=\"noopener noreferrer\"><b><span style=\"color: #0000ff;\"> ICI<\/span><\/b><\/a><\/p>\n<\/article>\n","protected":false},"excerpt":{"rendered":"<p>Information V31VP, Belice Victor &#8211; WB0TEV J&rsquo;ai l&rsquo;intention de retourner au Belize du 5 au 11 f\u00e9vrier 2020 pour participer au concours WPX RTTY. Et fin mars 2020 accompagn\u00e9 de K5PS (V31CQ), nous concourrons en cat\u00e9gorie M \/ 2 au concours WPX SSB. Qsl via WB0TEV (buro \/ direct). 73, &#8211; Claude ON4CN Info de &hellip; <a href=\"https:\/\/www.on4cn.be\/blog_radio\/2020\/01\/22\/v31vp-belice-3\/\" class=\"more-link\">Continuer la lecture<span class=\"screen-reader-text\"> de &laquo;&nbsp;V31VP, Belice&nbsp;&raquo;<\/span><\/a><\/p>\n","protected":false},"author":1,"featured_media":0,"comment_status":"open","ping_status":"open","sticky":false,"template":"","format":"standard","meta":{"footnotes":""},"categories":[11,22,24,25],"tags":[],"class_list":["post-9890","post","type-post","status-publish","format-standard","hentry","category-dx","category-infos-dx","category-trafic-radio","category-trafic-radioamatuer"],"_links":{"self":[{"href":"https:\/\/www.on4cn.be\/blog_radio\/wp-json\/wp\/v2\/posts\/9890","targetHints":{"allow":["GET"]}}],"collection":[{"href":"https:\/\/www.on4cn.be\/blog_radio\/wp-json\/wp\/v2\/posts"}],"about":[{"href":"https:\/\/www.on4cn.be\/blog_radio\/wp-json\/wp\/v2\/types\/post"}],"author":[{"embeddable":true,"href":"https:\/\/www.on4cn.be\/blog_radio\/wp-json\/wp\/v2\/users\/1"}],"replies":[{"embeddable":true,"href":"https:\/\/www.on4cn.be\/blog_radio\/wp-json\/wp\/v2\/comments?post=9890"}],"version-history":[{"count":0,"href":"https:\/\/www.on4cn.be\/blog_radio\/wp-json\/wp\/v2\/posts\/9890\/revisions"}],"wp:attachment":[{"href":"https:\/\/www.on4cn.be\/blog_radio\/wp-json\/wp\/v2\/media?parent=9890"}],"wp:term":[{"taxonomy":"category","embeddable":true,"href":"https:\/\/www.on4cn.be\/blog_radio\/wp-json\/wp\/v2\/categories?post=9890"},{"taxonomy":"post_tag","embeddable":true,"href":"https:\/\/www.on4cn.be\/blog_radio\/wp-json\/wp\/v2\/tags?post=9890"}],"curies":[{"name":"wp","href":"https:\/\/api.w.org\/{rel}","templated":true}]}}