{"id":9858,"date":"2020-01-20T08:03:29","date_gmt":"2020-01-20T07:03:29","guid":{"rendered":"http:\/\/www.on4cn.be\/blog_radio\/?p=9858"},"modified":"2020-01-20T08:03:29","modified_gmt":"2020-01-20T07:03:29","slug":"tu5pct-costa-de-marfil-2020","status":"publish","type":"post","link":"https:\/\/www.on4cn.be\/blog_radio\/2020\/01\/20\/tu5pct-costa-de-marfil-2020\/","title":{"rendered":"TU5PCT, Costa de Marfil 2020"},"content":{"rendered":"<article class=\"article\">\n<center><strong><span style=\"color: #ff0000;\"><\/p>\n<h3>Information TU5PCT, Costa de Marfil 2020<\/h3>\n<p><\/span><\/strong><\/center><\/p>\n<p style=\"text-align: center;\"><a href=\"https:\/\/1.bp.blogspot.com\/-P2sfswjcZfk\/XiRQXMLNj1I\/AAAAAAABGdM\/lYNezVHv20E8QMTUjOd2NndEH2e6JrQewCLcBGAsYHQ\/s1600\/tu5pct%2B3.jpg\" imageanchor=\"1\" style=\"margin-left: 1em; margin-right: 1em;\"><img loading=\"lazy\" decoding=\"async\" width=\"600\" height=\"400\" src=\"https:\/\/1.bp.blogspot.com\/-P2sfswjcZfk\/XiRQXMLNj1I\/AAAAAAABGdM\/lYNezVHv20E8QMTUjOd2NndEH2e6JrQewCLcBGAsYHQ\/s1600\/tu5pct%2B3.jpg\" \/><\/a><\/p>\n<p style=\"text-align: justify;\">Du 21 f\u00e9vrier au 1er mars 2020 (en ondes du 24 au 29 f\u00e9vrier 2020), l&rsquo;\u00e9quipe form\u00e9e par Petr &#8211; OK1BOA, Petr &#8211; OK1FCJ et David &#8211; OK6DJ, membres du Cdxp. Ils se rendront en R\u00e9publique de C\u00f4te d&rsquo;Ivoire pour \u00eatre actif en utilisant l&rsquo;indicatif TU5PCT. QRV de 10 \u00e0 160 m\u00e8tres en CW, Ssb, Rtty et Ft8. QSL via OK6DJ, OQRS, LOTW.<\/p>\n<p>Note : TU5PCT (l&rsquo;indicatif d&rsquo;appel peut \u00eatre modifi\u00e9 avant le probl\u00e8me). <a href=\"https:\/\/www.cdxp.cz\/\"><span style=\"color: #0000ff;\"><b>https:\/\/www.cdxp.cz\/<\/b><\/span><\/a><\/p>\n<p>N&rsquo;oubliez pas que du 23 mars au 3 avril 2020, une autre exp\u00e9dition est effectu\u00e9e en C\u00f4te d&rsquo;Ivoire, TU2R &#8212;> d\u00e9tails <a href=\"https:\/\/ea1cs.blogspot.com\/2019\/11\/tu2r-costa-de-marfil-2020.html\"><b><span style=\"color: #0000ff;\"> ICI<\/span><\/b><\/a><\/p>\n<p style=\"text-align: justify;\">73, &#8211; Claude ON4CN<\/p>\n<p style=\"text-align: justify;\">Info de la Source de EA1CS <a href=\"http:\/\/ea1cs.blogspot.com\/\" target=\"_blank\" rel=\"noopener noreferrer\"><b><span style=\"color: #0000ff;\"> ICI<\/span><\/b><\/a><\/p>\n<\/article>\n","protected":false},"excerpt":{"rendered":"<p>Information TU5PCT, Costa de Marfil 2020 Du 21 f\u00e9vrier au 1er mars 2020 (en ondes du 24 au 29 f\u00e9vrier 2020), l&rsquo;\u00e9quipe form\u00e9e par Petr &#8211; OK1BOA, Petr &#8211; OK1FCJ et David &#8211; OK6DJ, membres du Cdxp. Ils se rendront en R\u00e9publique de C\u00f4te d&rsquo;Ivoire pour \u00eatre actif en utilisant l&rsquo;indicatif TU5PCT. QRV de 10 &hellip; <a href=\"https:\/\/www.on4cn.be\/blog_radio\/2020\/01\/20\/tu5pct-costa-de-marfil-2020\/\" class=\"more-link\">Continuer la lecture<span class=\"screen-reader-text\"> de &laquo;&nbsp;TU5PCT, Costa de Marfil 2020&nbsp;&raquo;<\/span><\/a><\/p>\n","protected":false},"author":1,"featured_media":0,"comment_status":"open","ping_status":"open","sticky":false,"template":"","format":"standard","meta":{"footnotes":""},"categories":[11,21,22,24,25],"tags":[],"class_list":["post-9858","post","type-post","status-publish","format-standard","hentry","category-dx","category-dxpedition","category-infos-dx","category-trafic-radio","category-trafic-radioamatuer"],"_links":{"self":[{"href":"https:\/\/www.on4cn.be\/blog_radio\/wp-json\/wp\/v2\/posts\/9858","targetHints":{"allow":["GET"]}}],"collection":[{"href":"https:\/\/www.on4cn.be\/blog_radio\/wp-json\/wp\/v2\/posts"}],"about":[{"href":"https:\/\/www.on4cn.be\/blog_radio\/wp-json\/wp\/v2\/types\/post"}],"author":[{"embeddable":true,"href":"https:\/\/www.on4cn.be\/blog_radio\/wp-json\/wp\/v2\/users\/1"}],"replies":[{"embeddable":true,"href":"https:\/\/www.on4cn.be\/blog_radio\/wp-json\/wp\/v2\/comments?post=9858"}],"version-history":[{"count":0,"href":"https:\/\/www.on4cn.be\/blog_radio\/wp-json\/wp\/v2\/posts\/9858\/revisions"}],"wp:attachment":[{"href":"https:\/\/www.on4cn.be\/blog_radio\/wp-json\/wp\/v2\/media?parent=9858"}],"wp:term":[{"taxonomy":"category","embeddable":true,"href":"https:\/\/www.on4cn.be\/blog_radio\/wp-json\/wp\/v2\/categories?post=9858"},{"taxonomy":"post_tag","embeddable":true,"href":"https:\/\/www.on4cn.be\/blog_radio\/wp-json\/wp\/v2\/tags?post=9858"}],"curies":[{"name":"wp","href":"https:\/\/api.w.org\/{rel}","templated":true}]}}