{"id":21474,"date":"2025-05-08T07:46:52","date_gmt":"2025-05-08T05:46:52","guid":{"rendered":"http:\/\/www.on4cn.be\/blog_radio\/?p=21474"},"modified":"2025-05-08T07:46:52","modified_gmt":"2025-05-08T05:46:52","slug":"information-to974ref-lile-de-la-reunion","status":"publish","type":"post","link":"https:\/\/www.on4cn.be\/blog_radio\/2025\/05\/08\/information-to974ref-lile-de-la-reunion\/","title":{"rendered":"Information TO974REF, L\u2019\u00eele de la R\u00e9union"},"content":{"rendered":"<article class=\"article\">\n<center><b><span style=\"color: #0000ff;\">Article traduite en Fran\u00e7ais via Google Translate<\/b><\/span><\/center><br \/> <br \/>\n<center><strong><span style=\"color: #ff0000;\">Information TO974REF, L\u2019\u00eele de la R\u00e9union <\/span><\/strong><\/center><\/p>\n<p style=\"text-align: center;\"><img loading=\"lazy\" decoding=\"async\" src=\"https:\/\/blogger.googleusercontent.com\/img\/b\/R29vZ2xl\/AVvXsEhdN0CRydyVck5GSm9N2rwdY2CMiZrbqpVKbyY6K6nQSLlb815IvMCEtL_zvM5DrzP1TFrlpuDuMgvNobEPNOOnvmhn889mACy8hxbJSghuXgKOWV3w0VbeMoauYxaL7CwCTzY0a0-pS4PIIBUu4g2AwLyMtM4-x6ZKjsW7kvJJ9xgrhC0ZX_Cl\/s16000\/to974.jpg\" width=\"600\" height=\"300\" \/><\/p>\n<p><b>Le 08\/05\/2025 <\/b><\/p>\n<p>Les 100 ans du R\u00e9seau des \u00c9metteurs Fran\u00e7ais sont c\u00e9l\u00e9br\u00e9s, et pour comm\u00e9morer cet \u00e9v\u00e9nement, depuis l&rsquo;\u00eele de la R\u00e9union, Phil &#8211; FR8UA et Ann &#8211; FR8TZ seront en ondes avec l&rsquo;indicatif sp\u00e9cial <b>TO974REF<\/b>.<\/p>\n<p style=\"text-align: justify;\">Planification :<\/p>\n<ul style=\"text-align: left;\">\n<li style=\"text-align: justify;\">1er au 4 mai 2025.<\/li>\n<li style=\"text-align: justify;\">8 au 11 mai 2025.<\/li>\n<li style=\"text-align: justify;\">17 au 19 mai 2025.<\/li>\n<li style=\"text-align: justify;\">29 mai au 1er juin 2025.<\/li>\n<\/ul>\n<p style=\"text-align: justify;\">Les op\u00e9rations se feront principalement sur 10, 15, 20m et 40m \/ CW, SSB et digital.<\/p>\n<p style=\"text-align: justify;\">Pour plus d&rsquo;informations sur les QSL, visitez le site web de REF :<\/p>\n<p style=\"text-align: justify;\">&#128279; <a href=\"https:\/\/tm100ref.r-e-f.org\/award_fr.html\">https:\/\/tm100ref.r-e-f.org\/award_fr.html<\/a><\/p>\n<p style=\"text-align: center;\"><img loading=\"lazy\" decoding=\"async\" src=\"https:\/\/blogger.googleusercontent.com\/img\/b\/R29vZ2xl\/AVvXsEiq0CqQ7yuqLt3S0LpMHM222EUzzmrvyHZx0Cys53w-6duEl_IjEUuE_wMhVAMFvoPOH2dnR-KC1ThBXcCCYIHL5ek8xWLWhmTvPP8bA92DI33-JO8h3d0aiJo9EdpSxWPTCGsvjbRUjomh8Z52iBOFgK1g_dOj5qqa4On7xGbA37dI-5Sg0Z54\/w640-h420\/to974ref%202.jpg\" width=\"500\" height=\"300\" \/><\/p>\n<p style=\"text-align: justify;\">73, &#8211; Claude ON4CN<\/p>\n<p style=\"text-align: justify;\">Info de la Source de EA1CS <a href=\"http:\/\/ea1cs.blogspot.com\/\" target=\"_blank\" rel=\"noopener noreferrer\"><b><span style=\"color: #0000ff;\"> ICI<\/span><\/b><\/a><\/p>\n<\/article>\n","protected":false},"excerpt":{"rendered":"<p>Article traduite en Fran\u00e7ais via Google Translate Information TO974REF, L\u2019\u00eele de la R\u00e9union Le 08\/05\/2025 Les 100 ans du R\u00e9seau des \u00c9metteurs Fran\u00e7ais sont c\u00e9l\u00e9br\u00e9s, et pour comm\u00e9morer cet \u00e9v\u00e9nement, depuis l&rsquo;\u00eele de la R\u00e9union, Phil &#8211; FR8UA et Ann &#8211; FR8TZ seront en ondes avec l&rsquo;indicatif sp\u00e9cial TO974REF. Planification : 1er au 4 mai &hellip; <a href=\"https:\/\/www.on4cn.be\/blog_radio\/2025\/05\/08\/information-to974ref-lile-de-la-reunion\/\" class=\"more-link\">Continuer la lecture<span class=\"screen-reader-text\"> de &laquo;&nbsp;Information TO974REF, L\u2019\u00eele de la R\u00e9union&nbsp;&raquo;<\/span><\/a><\/p>\n","protected":false},"author":1,"featured_media":0,"comment_status":"open","ping_status":"open","sticky":false,"template":"","format":"standard","meta":{"footnotes":""},"categories":[11,17,24,25],"tags":[],"class_list":["post-21474","post","type-post","status-publish","format-standard","hentry","category-dx","category-iota","category-trafic-radio","category-trafic-radioamatuer"],"_links":{"self":[{"href":"https:\/\/www.on4cn.be\/blog_radio\/wp-json\/wp\/v2\/posts\/21474","targetHints":{"allow":["GET"]}}],"collection":[{"href":"https:\/\/www.on4cn.be\/blog_radio\/wp-json\/wp\/v2\/posts"}],"about":[{"href":"https:\/\/www.on4cn.be\/blog_radio\/wp-json\/wp\/v2\/types\/post"}],"author":[{"embeddable":true,"href":"https:\/\/www.on4cn.be\/blog_radio\/wp-json\/wp\/v2\/users\/1"}],"replies":[{"embeddable":true,"href":"https:\/\/www.on4cn.be\/blog_radio\/wp-json\/wp\/v2\/comments?post=21474"}],"version-history":[{"count":1,"href":"https:\/\/www.on4cn.be\/blog_radio\/wp-json\/wp\/v2\/posts\/21474\/revisions"}],"predecessor-version":[{"id":21475,"href":"https:\/\/www.on4cn.be\/blog_radio\/wp-json\/wp\/v2\/posts\/21474\/revisions\/21475"}],"wp:attachment":[{"href":"https:\/\/www.on4cn.be\/blog_radio\/wp-json\/wp\/v2\/media?parent=21474"}],"wp:term":[{"taxonomy":"category","embeddable":true,"href":"https:\/\/www.on4cn.be\/blog_radio\/wp-json\/wp\/v2\/categories?post=21474"},{"taxonomy":"post_tag","embeddable":true,"href":"https:\/\/www.on4cn.be\/blog_radio\/wp-json\/wp\/v2\/tags?post=21474"}],"curies":[{"name":"wp","href":"https:\/\/api.w.org\/{rel}","templated":true}]}}