{"id":14751,"date":"2021-01-09T07:39:40","date_gmt":"2021-01-09T06:39:40","guid":{"rendered":"http:\/\/www.on4cn.be\/blog_radio\/?p=14751"},"modified":"2021-01-09T07:39:40","modified_gmt":"2021-01-09T06:39:40","slug":"vi100af-et-vk100af-australie","status":"publish","type":"post","link":"https:\/\/www.on4cn.be\/blog_radio\/2021\/01\/09\/vi100af-et-vk100af-australie\/","title":{"rendered":"VI100AF et VK100AF, Australie"},"content":{"rendered":"<article class=\"article\">\n<center><strong><span style=\"color: #ff0000;\">Information VI100AF et VK100AF, Australie<\/span><\/strong><\/center><\/p>\n<p style=\"text-align: center;\"><a href=\"https:\/\/1.bp.blogspot.com\/-FrApRzXgQ7I\/X_hdmB5IBZI\/AAAAAAABJ-I\/GLqENTpXiWYLINzQlTGgdvsyYrUQXTOjgCLcBGAsYHQ\/s1244\/australia.png\" style=\"clear: left\n; float: left; margin-bottom: 1em; margin-right: 1em;\"><img loading=\"lazy\" decoding=\"async\" border=\"0\" data-original-height=\"1244\" data-original-width=\"1200\" height=\"259\" src=\"https:\/\/1.bp.blogspot.com\/-FrApRzXgQ7I\/X_h\ndmB5IBZI\/AAAAAAABJ-I\/GLqENTpXiWYLINzQlTGgdvsyYrUQXTOjgCLcBGAsYHQ\/w309-h259\/australia.png\" width=\"309\" \/><\/a><\/p>\n<p style=\"text-align: justify;\">Pour c\u00e9l\u00e9brer le 100e anniversaire de la Royal Australien Air Force, organis\u00e9e par Stuart Birkin VK8NSB, ils seront sur les airs du <b> 1er au 29 mars<br \/>\nMai 2021 <\/b> dans diff\u00e9rentes bandes et modes les stations sp\u00e9ciales <b> VI100AF <\/b> et <b> VK100AF <\/b>. Les deux Qsl via seront confirm\u00e9s via OQRX M0URX.<\/p>\n<p style=\"text-align: justify;\">73, &#8211; Claude ON4CN<\/p>\n<p style=\"text-align: justify;\">Info de la Source de EA1CS <a href=\"http:\/\/ea1cs.blogspot.com\/\" target=\"_blank\" rel=\"noopener noreferrer\"><b><span style=\"color: #0000ff;\"> ICI<\/span><\/b><\/a><\/p>\n<\/article>\n","protected":false},"excerpt":{"rendered":"<p>Information VI100AF et VK100AF, Australie Pour c\u00e9l\u00e9brer le 100e anniversaire de la Royal Australien Air Force, organis\u00e9e par Stuart Birkin VK8NSB, ils seront sur les airs du 1er au 29 mars Mai 2021 dans diff\u00e9rentes bandes et modes les stations sp\u00e9ciales VI100AF et VK100AF . Les deux Qsl via seront confirm\u00e9s via OQRX M0URX. 73, &hellip; <a href=\"https:\/\/www.on4cn.be\/blog_radio\/2021\/01\/09\/vi100af-et-vk100af-australie\/\" class=\"more-link\">Continuer la lecture<span class=\"screen-reader-text\"> de &laquo;&nbsp;VI100AF et VK100AF, Australie&nbsp;&raquo;<\/span><\/a><\/p>\n","protected":false},"author":1,"featured_media":0,"comment_status":"open","ping_status":"open","sticky":false,"template":"","format":"standard","meta":{"footnotes":""},"categories":[11,22,24,25],"tags":[],"class_list":["post-14751","post","type-post","status-publish","format-standard","hentry","category-dx","category-infos-dx","category-trafic-radio","category-trafic-radioamatuer"],"_links":{"self":[{"href":"https:\/\/www.on4cn.be\/blog_radio\/wp-json\/wp\/v2\/posts\/14751","targetHints":{"allow":["GET"]}}],"collection":[{"href":"https:\/\/www.on4cn.be\/blog_radio\/wp-json\/wp\/v2\/posts"}],"about":[{"href":"https:\/\/www.on4cn.be\/blog_radio\/wp-json\/wp\/v2\/types\/post"}],"author":[{"embeddable":true,"href":"https:\/\/www.on4cn.be\/blog_radio\/wp-json\/wp\/v2\/users\/1"}],"replies":[{"embeddable":true,"href":"https:\/\/www.on4cn.be\/blog_radio\/wp-json\/wp\/v2\/comments?post=14751"}],"version-history":[{"count":0,"href":"https:\/\/www.on4cn.be\/blog_radio\/wp-json\/wp\/v2\/posts\/14751\/revisions"}],"wp:attachment":[{"href":"https:\/\/www.on4cn.be\/blog_radio\/wp-json\/wp\/v2\/media?parent=14751"}],"wp:term":[{"taxonomy":"category","embeddable":true,"href":"https:\/\/www.on4cn.be\/blog_radio\/wp-json\/wp\/v2\/categories?post=14751"},{"taxonomy":"post_tag","embeddable":true,"href":"https:\/\/www.on4cn.be\/blog_radio\/wp-json\/wp\/v2\/tags?post=14751"}],"curies":[{"name":"wp","href":"https:\/\/api.w.org\/{rel}","templated":true}]}}