{"id":947,"date":"2016-07-02T07:57:50","date_gmt":"2016-07-02T06:57:50","guid":{"rendered":"http:\/\/www.on4cn.be\/blog_ot4n\/?p=947"},"modified":"2016-07-02T08:09:19","modified_gmt":"2016-07-02T07:09:19","slug":"rossi-jai-fait-une-erreur","status":"publish","type":"post","link":"https:\/\/www.on4cn.be\/blog_ot4n\/2016\/07\/02\/rossi-jai-fait-une-erreur\/","title":{"rendered":"Rossi : \u00ab J\u2019ai fait une erreur \u00bb"},"content":{"rendered":"<article class=\"article\">\n<div class=\"update_content col-xs-12 col-md-9\">\n<h5 class=\"update_subtitle\"><strong><span style=\"color: #0000ff;\">L\u2019Italien a chut\u00e9 alors qu\u2019il \u00e9tait en t\u00eate de la course \u00e0 Assen et compte d\u00e9sormais trois abandons en huit courses cette saison.<\/span><\/strong><\/h5>\n<div class=\"layoutSlice \">\n<div class=\"slicePosition w-100\">\n<p>Deuxi\u00e8me sur la grille du Motul TT Assen, Valentino Rossi (Movistar Yamaha MotoGP) n\u2019a pas eu le moindre probl\u00e8me au d\u00e9part et a vite pu s\u2019installer<br \/>\nen t\u00eate de la course, avant de conc\u00e9der la premi\u00e8re place \u00e0 un surprenant Yonny Hern\u00e1ndez (Aspar MotoGP Team) puis d\u2019\u00eatre devanc\u00e9 par Andrea Dovizioso<br \/>\n(Ducati Team) alors que la pluie s\u2019intensifiait au fil des tours. La chute du Colombien en premi\u00e8re position a cependant motiv\u00e9 Rossi \u00e0 reprendre l\u2019avantage<br \/>\nsur Dovizioso, alors que les deux Italiens \u00e9taient rejoints par Danilo Petrucci et Scott Redding. S\u2019en est suivie une bataille \u00e0 quatre, bient\u00f4t\u00a0interrompue<br \/>\npar un drapeau rouge en raison d\u2019une trop importante quantit\u00e9 d\u2019eau sur la piste.<\/p>\n<\/div>\n<\/div>\n<div class=\"layoutSlice \">\n<div class=\"slicePosition w-100\">\n<p>Reparti en troisi\u00e8me position pour la seconde \u00e9preuve, r\u00e9duite \u00e0 douze tours, Rossi a gagn\u00e9 une place d\u00e8s le premier virage et a fait la diff\u00e9rence une fois<br \/>\npass\u00e9 en t\u00eate, pour ensuite malheureusement commettre une co\u00fbteuse erreur dans le troisi\u00e8me tour. Suite \u00e0 ce troisi\u00e8me abandon, le nonuple Champion du Monde<br \/>\ncompte quarante-deux points de retard sur Marc M\u00e1rquez (Repsol Honda Team) et dix-huit sur son co\u00e9quipier Jorge Lorenzo (Movistar Yamaha MotoGP).<\/p>\n<\/div>\n<\/div>\n<p><center><a href=\"http:\/\/www.on4cn.be\/blog_ot4n\/wp-content\/uploads\/2016\/07\/gp.jpg\"><img loading=\"lazy\" decoding=\"async\" class=\"aligncenter size-full wp-image-950\" src=\"http:\/\/www.on4cn.be\/blog_ot4n\/wp-content\/uploads\/2016\/07\/gp.jpg\" alt=\"Chute de Rossi\" width=\"470\" height=\"313\" srcset=\"https:\/\/www.on4cn.be\/blog_ot4n\/wp-content\/uploads\/2016\/07\/gp.jpg 470w, https:\/\/www.on4cn.be\/blog_ot4n\/wp-content\/uploads\/2016\/07\/gp-300x200.jpg 300w\" sizes=\"(max-width: 470px) 100vw, 470px\" \/><\/a><\/center><\/p>\n<div class=\"layoutSlice \">\n<div class=\"slicePosition w-100\">\n<p><strong>Valentino Rossi : <\/strong>\u00ab\u00a0C\u2019est vraiment dommage parce que nous avions \u00e9t\u00e9 tr\u00e8s rapides et tr\u00e8s comp\u00e9titifs ce week-end. Nous aurions pu finir<br \/>\nun week-end difficile avec d\u2019importants points pour le Championnat et nous aurions pu prendre la seconde place du classement g\u00e9n\u00e9ral \u00e0 Lorenzo. Malheureusement,<br \/>\nj\u2019ai fait une erreur. Dans la deuxi\u00e8me partie, j\u2019ai attaqu\u00e9 trop fort alors que j\u2019avais d\u00e9j\u00e0 une bonne avance. Sur ce tour-l\u00e0, j\u2019essayais de pousser pour \u00e9valuer<br \/>\nmon niveau. Nous avions un pneu pluie en gomme tendre pour la deuxi\u00e8me course, il fournissait beaucoup de grip mais je suis arriv\u00e9 trop vite dans le virage 10.<br \/>\nJe crois que nous avions une bonne opportunit\u00e9 aujourd\u2019hui mais j\u2019ai fait une erreur et j\u2019ai laiss\u00e9 passer beaucoup de points. L\u2019\u00e9cart, notamment avec M\u00e1rquez,<br \/>\nest assez important maintenant mais nous devons continuer \u00e0 travailler comme \u00e7a et essayer d\u2019aussi \u00eatre comp\u00e9titifs la prochaine fois.\u00a0\u00bb<\/p>\n<\/div>\n<\/div>\n<div class=\"layoutSlice \"><\/div>\n<\/div>\n<\/article>\n","protected":false},"excerpt":{"rendered":"<p>L\u2019Italien a chut\u00e9 alors qu\u2019il \u00e9tait en t\u00eate de la course \u00e0 Assen et compte d\u00e9sormais trois abandons en huit courses cette saison. Deuxi\u00e8me sur la grille du Motul TT Assen, Valentino Rossi (Movistar Yamaha MotoGP) n\u2019a pas eu le moindre probl\u00e8me au d\u00e9part et a vite pu s\u2019installer en t\u00eate de la course, avant de conc\u00e9der la premi\u00e8re place \u00e0 un surprenant Yonny Hern\u00e1ndez (Aspar MotoGP Team) puis d\u2019\u00eatre devanc\u00e9 par Andrea Dovizioso (Ducati Team) alors que la pluie&#8230;<\/p>\n<p class=\"read-more\"><a class=\"btn btn-default\" href=\"https:\/\/www.on4cn.be\/blog_ot4n\/2016\/07\/02\/rossi-jai-fait-une-erreur\/\">Lire la suite<span class=\"screen-reader-text\"> Lire la suite<\/span><\/a><\/p>\n","protected":false},"author":1,"featured_media":0,"comment_status":"open","ping_status":"open","sticky":false,"template":"","format":"standard","meta":{"footnotes":""},"categories":[6],"tags":[],"_links":{"self":[{"href":"https:\/\/www.on4cn.be\/blog_ot4n\/wp-json\/wp\/v2\/posts\/947"}],"collection":[{"href":"https:\/\/www.on4cn.be\/blog_ot4n\/wp-json\/wp\/v2\/posts"}],"about":[{"href":"https:\/\/www.on4cn.be\/blog_ot4n\/wp-json\/wp\/v2\/types\/post"}],"author":[{"embeddable":true,"href":"https:\/\/www.on4cn.be\/blog_ot4n\/wp-json\/wp\/v2\/users\/1"}],"replies":[{"embeddable":true,"href":"https:\/\/www.on4cn.be\/blog_ot4n\/wp-json\/wp\/v2\/comments?post=947"}],"version-history":[{"count":3,"href":"https:\/\/www.on4cn.be\/blog_ot4n\/wp-json\/wp\/v2\/posts\/947\/revisions"}],"predecessor-version":[{"id":951,"href":"https:\/\/www.on4cn.be\/blog_ot4n\/wp-json\/wp\/v2\/posts\/947\/revisions\/951"}],"wp:attachment":[{"href":"https:\/\/www.on4cn.be\/blog_ot4n\/wp-json\/wp\/v2\/media?parent=947"}],"wp:term":[{"taxonomy":"category","embeddable":true,"href":"https:\/\/www.on4cn.be\/blog_ot4n\/wp-json\/wp\/v2\/categories?post=947"},{"taxonomy":"post_tag","embeddable":true,"href":"https:\/\/www.on4cn.be\/blog_ot4n\/wp-json\/wp\/v2\/tags?post=947"}],"curies":[{"name":"wp","href":"https:\/\/api.w.org\/{rel}","templated":true}]}}