{"id":1230,"date":"2021-01-15T11:02:55","date_gmt":"2021-01-15T10:02:55","guid":{"rendered":"http:\/\/www.on4cn.be\/blog_ot4n\/?p=1230"},"modified":"2021-01-15T11:02:55","modified_gmt":"2021-01-15T10:02:55","slug":"motogp-les-tests-de-sepang-non-remplaces","status":"publish","type":"post","link":"https:\/\/www.on4cn.be\/blog_ot4n\/2021\/01\/15\/motogp-les-tests-de-sepang-non-remplaces\/","title":{"rendered":"MotoGP, les tests de Sepang non remplac\u00e9s"},"content":{"rendered":"<article class=\"article\">\n<center><strong><span style=\"color: #ff0000;\"><\/p>\n<h3>MotoGP, les tests de Sepang non remplac\u00e9s : le nouveau programme arrive<\/h3>\n<p><\/span><\/strong><\/center><\/p>\n<p style=\"text-align: center;\"><img loading=\"lazy\" decoding=\"async\" width=\"627\" height=\"535\" src=\"https:\/\/www.paddock-gp.com\/wp-content\/uploads\/2021\/01\/Screen-Shot-01-06-21-at-05.37-PM.png\" class=\"attachment-full size-ful\nl wp-post-image\" alt=\"Sepang aurait d\u00fb montrer \u00e7a au sujet de Rossi ...\" srcset=\"https:\/\/www.paddock-gp.com\/wp-content\/uploads\/2021\/01\/Screen-Shot-01-06-21-at-05.37-PM.png 627w, https:\/\/www\n.paddock-gp.com\/wp-content\/uploads\/2021\/01\/Screen-Shot-01-06-21-at-05.37-PM-375x320.png 375w, https:\/\/www.paddock-gp.com\/wp-content\/uploads\/2021\/01\/Screen-Shot-01-06-21-at-05.37-PM-469x400.\npng 469w\" sizes=\"(max-width: 627px) 100vw, 627px\"><\/p>\n<p><strong>Une fois l\u2019annulation des tests de Sepang valid\u00e9e et impos\u00e9e par la reprise des infections \u00e0 la Covid-19 en Malaisie, la question \u00e9tait de savoir si le MotoGP ferait quand m\u00eame<br \/>\nsa rentr\u00e9e en f\u00e9vrier, mais ailleurs. Il ne restait que Jerez ou Portimao comme options. Mais de plan B en Europe, il n\u2019y en aura point. Le MotoGP ne reprendra contact avec piste qu\u2019avant<br \/>\nle Grand Prix du Qatar en mars, avec quelques am\u00e9nagements \u2026<\/strong><\/p>\n<p>Il faudra donc se r\u00e9soudre \u00e0 attendre un mois de plus avant de revoir des <a href=\"https:\/\/www.motogp.com\/fr\">MotoGP<\/a> sur la piste. En effet, ce qui \u00e9tait pr\u00e9vu en f\u00e9vrier en<br \/>\n<strong>Malaisie<\/strong> n\u2019aura pas lieu, ni \u00e0 <strong>Sepang<\/strong>, ni ailleurs dans son enti\u00e8ret\u00e9. Le coronavirus continue \u00e0 empoisonner une conjoncture d\u2019autant plus tendue que le<br \/>\nfret est d\u00e9j\u00e0 parti vers l\u2019Asie. On voyait mal comment il pouvait \u00eatre rerouter vers l\u2019Europe pour des essais \u00e0 <strong>Jerez<\/strong> ou <a href=\"https:\/\/www.paddock-gp.com\/motogp-portimao\n-miguel-oliveira-grand-seigneur\/\"><strong>Portimao<\/strong><\/a> \u2026<\/p>\n<p>Dorna, l\u2019IRTA et l\u2019association des constructeurs MSMA vont donc proposer \u00e0 la validation des \u00e9quipes que les retrouvailles attendront le mois de mars et le <a href=\"https:\/\/www.paddock-\ngp.com\/motogp-grand-prix-du-qatar-les-horaires-2\/\"><strong>Qatar<\/strong><\/a>. Avec l\u2019approbation des parties prenantes, les caisses de fret seront d\u00e9sormais envoy\u00e9es de Malaisie<br \/>\ndirectement \u00e0 Doha par voie a\u00e9rienne ou maritime.<\/p>\n<p>Le gel technique d\u00e9cid\u00e9 jusqu\u2019\u00e0 fin 2021 est finalement une opportunit\u00e9 permettant de valider l\u2019id\u00e9e que trois jours de test devraient suffire aux pilotes aguerris avant de se lancer<br \/>\ndans la saison 2021 sur le m\u00eame trac\u00e9 de Losail, qui sera alors d\u00e9volu au Grand Prix du Qatar. Nous serons alors dans la seconde partie du mois de mars.<\/p>\n<p>Pour les trois rookies que sont <strong>Jorge Martin<\/strong>, <strong>Enea Bastianini<\/strong> et <strong>Luca Marini<\/strong>, tous sur <a href=\"https:\/\/www.paddock-gp.com\/motogp-ciabatti-ducati-a-toujours-respecte-ses-pilotes\/\"><strong>Ducati<\/strong><\/a>, trois jours de plus sur le trac\u00e9 en plein d\u00e9sert seront accord\u00e9s lors d\u2019un shakedown initialement pr\u00e9vu \u00e0 Sepang, afin qu\u2019ils prennent leurs rep\u00e8res. <a href=\"https:\/\/www.paddock-gp.com\/exclusif-motogp-tests-hivernaux-tout-espoir-nest-pas-perdu\/\" target=\"_blank\" rel=\"noopener noreferrer\">Nous vous avons d\u00e9j\u00e0 donn\u00e9 une id\u00e9e de la date possible<\/a>. Une situation qui doit certainement frustrer un <strong>Razlan Razali<\/strong> qui se faisait une joie de pr\u00e9senter sa nouvelle recrue <strong>Valentino Rossi<\/strong> sous les couleurs Petronas devant ses compatriotes malaisiens \u2026<\/p>\n<p style=\"text-align: center;\"><img decoding=\"async\" class=\"aligncenter size-full wp-image-712948\" src=\"https:\/\/www.paddock-gp.com\/wp-content\/uploads\/2020\/09\/Ei1lQEZXsAAeQxh.jpg\" alt=\"\" \nwidth=\"600\" height=\"400\" srcset=\"https:\/\/www.paddock-gp.com\/wp-content\/uploads\/2020\/09\/Ei1lQEZXsAAeQxh.jpg 679w, https:\/\/www.paddock-gp.com\/wp-content\/uploads\/2020\/09\/Ei1lQEZXsAAeQxh-480x320.jpg 480w, https:\/\/www.paddock-gp.com\/wp-content\/uploads\/2020\/09\/Ei1lQEZXsAAeQxh-600x400.jpg 600w\" sizes=\"(max-width: 679px) 100vw, 679px\"><\/p>\n<p>Info de la Source <a href=\"https:\/\/www.paddock-gp.com\/motogp-valentino-rossi-revele-le-probleme-des-tests-yamaha\/\" target=\"_blank\" rel=\"noopener\"><b><span style=\"color: #ff0000;\"> * ICI<\/span><\/b><\/a><\/p>\n<\/article>\n","protected":false},"excerpt":{"rendered":"<p>MotoGP, les tests de Sepang non remplac\u00e9s : le nouveau programme arrive Une fois l\u2019annulation des tests de Sepang valid\u00e9e et impos\u00e9e par la reprise des infections \u00e0 la Covid-19 en Malaisie, la question \u00e9tait de savoir si le MotoGP ferait quand m\u00eame sa rentr\u00e9e en f\u00e9vrier, mais ailleurs. Il ne restait que Jerez ou Portimao comme options. Mais de plan B en Europe, il n\u2019y en aura point. Le MotoGP ne reprendra contact avec piste qu\u2019avant le Grand Prix&#8230;<\/p>\n<p class=\"read-more\"><a class=\"btn btn-default\" href=\"https:\/\/www.on4cn.be\/blog_ot4n\/2021\/01\/15\/motogp-les-tests-de-sepang-non-remplaces\/\">Lire la suite<span class=\"screen-reader-text\"> Lire la suite<\/span><\/a><\/p>\n","protected":false},"author":1,"featured_media":0,"comment_status":"open","ping_status":"open","sticky":false,"template":"","format":"standard","meta":{"footnotes":""},"categories":[7,6],"tags":[],"_links":{"self":[{"href":"https:\/\/www.on4cn.be\/blog_ot4n\/wp-json\/wp\/v2\/posts\/1230"}],"collection":[{"href":"https:\/\/www.on4cn.be\/blog_ot4n\/wp-json\/wp\/v2\/posts"}],"about":[{"href":"https:\/\/www.on4cn.be\/blog_ot4n\/wp-json\/wp\/v2\/types\/post"}],"author":[{"embeddable":true,"href":"https:\/\/www.on4cn.be\/blog_ot4n\/wp-json\/wp\/v2\/users\/1"}],"replies":[{"embeddable":true,"href":"https:\/\/www.on4cn.be\/blog_ot4n\/wp-json\/wp\/v2\/comments?post=1230"}],"version-history":[{"count":1,"href":"https:\/\/www.on4cn.be\/blog_ot4n\/wp-json\/wp\/v2\/posts\/1230\/revisions"}],"predecessor-version":[{"id":1231,"href":"https:\/\/www.on4cn.be\/blog_ot4n\/wp-json\/wp\/v2\/posts\/1230\/revisions\/1231"}],"wp:attachment":[{"href":"https:\/\/www.on4cn.be\/blog_ot4n\/wp-json\/wp\/v2\/media?parent=1230"}],"wp:term":[{"taxonomy":"category","embeddable":true,"href":"https:\/\/www.on4cn.be\/blog_ot4n\/wp-json\/wp\/v2\/categories?post=1230"},{"taxonomy":"post_tag","embeddable":true,"href":"https:\/\/www.on4cn.be\/blog_ot4n\/wp-json\/wp\/v2\/tags?post=1230"}],"curies":[{"name":"wp","href":"https:\/\/api.w.org\/{rel}","templated":true}]}}