{"id":1184,"date":"2020-11-06T10:27:28","date_gmt":"2020-11-06T09:27:28","guid":{"rendered":"http:\/\/www.on4cn.be\/blog_ot4n\/?p=1184"},"modified":"2020-11-06T10:27:28","modified_gmt":"2020-11-06T09:27:28","slug":"valentino-rossi-negatif-au-covid-19","status":"publish","type":"post","link":"https:\/\/www.on4cn.be\/blog_ot4n\/2020\/11\/06\/valentino-rossi-negatif-au-covid-19\/","title":{"rendered":"Valentino Rossi, n\u00e9gatif au Covid-19"},"content":{"rendered":"<p><center><strong><span style=\"color: #ff0000;\"><\/p>\n<h3>Valentino Rossi, n\u00e9gatif au Covid-19, met le cap sur le GP d&rsquo;Europe<\/h3>\n<p><\/span><\/strong><\/center>                       <\/p>\n<p style=\"text-align: center;\"><img decoding=\"async\" src=\"https:\/\/ds1.static.rtbf.be\/article\/image\/370x208\/5\/f\/0\/724b9029e0aaea06c95fa2c7d8a6f663-1604611796.jpg\" alt=\"Valentino Rossi\" title=\"Valentino Rossi\" \nclass=\"img-responsive www-img-full \" sizes=\"(min-width: 1200px) calc(1200px*0.66), (min-width: 992px) 66vw, 100vw\"\nsrcset=\"https:\/\/ds1.static.rtbf.be\/article\/image\/370x208\/5\/f\/0\/724b9029e0aaea06c95fa2c7d8a6f663-1604611796.jpg 370w,\nhttps:\/\/ds1.static.rtbf.be\/article\/image\/770x433\/5\/f\/0\/724b9029e0aaea06c95fa2c7d8a6f663-1604611796.jpg 770w,https:\/\/ds1.static.rtbf.be\/article\/image\/1248x702\/5\/f\/0\/724b9029e0aaea06c\n95fa2c7d8a6f663-1604611796.jpg 1248w\" itemprop=\"thumbnail\"\/><\/p>\n<p>Le septuple champion du monde de MotoGP <strong>Valentino Rossi<\/strong> se rapproche un peu plus d&rsquo;un retour au sein de l&rsquo;\u00e9quipe Yamaha en vue du Grand Prix d&rsquo;Europe<br \/>\ndimanche \u00e0 Valence, apr\u00e8s avoir \u00e9t\u00e9 test\u00e9 n\u00e9gatif au Covid-19 jeudi.<\/p>\n<p><strong>&gt;&gt; LIRE AUSSI<\/strong> : <a href=\"https:\/\/www.rtbf.be\/sport\/moteurs\/moto-gp\" target=\"_blank\" rel=\"noopener noreferrer\">MotoGP, toutes les infos<\/a><\/p>\n<p>Le pilote italien, \u00e2g\u00e9 de 41 ans, avait manqu\u00e9 les deux derniers Grands Prix apr\u00e8s avoir \u00e9t\u00e9 test\u00e9 positif au coronavirus, mais son \u00e9quipe a annonc\u00e9 jeudi que le dernier test<br \/>\nauquel il s&rsquo;est soumis \u00e9tait finalement n\u00e9gatif.<\/p>\n<p>\u00ab\u00a0<em>Conform\u00e9ment \u00e0 la loi italienne, le pilote de Yamaha est d\u00e9sormais autoris\u00e9 \u00e0 mettre fin \u00e0 son isolement et \u00e0 participer \u00e0 la vie de tous les jours \u00e0 nouveau<\/em>\u00ab\u00a0, a<br \/>\nexpliqu\u00e9 Yamaha dans un communiqu\u00e9, pr\u00e9cisant que Valentino Rossi serait \u00e0 Valence pour passer un nouveau test vendredi qui d\u00e9terminera s&rsquo;il pourra s&rsquo;aligner lors du Grand Prix<br \/>\nd&rsquo;Europe ce week-end.<\/p>\n<p style=\"text-align: justify;\">Info de la Source <a href=\"https:\/\/www.rtbf.be\/sport\/moteurs\/moto-gp\/detail_motogp-valentino-rossi-negatif-au-covid-19-met-le-cap-sur-le-gp-d-europe?id=10626122\" target=\"_blank\" rel=\"noopener noreferrer\"><b><span style=\"color: #0000ff;\"> ICI<\/span><\/b><\/a><\/p>\n","protected":false},"excerpt":{"rendered":"<p>Valentino Rossi, n\u00e9gatif au Covid-19, met le cap sur le GP d&rsquo;Europe Le septuple champion du monde de MotoGP Valentino Rossi se rapproche un peu plus d&rsquo;un retour au sein de l&rsquo;\u00e9quipe Yamaha en vue du Grand Prix d&rsquo;Europe dimanche \u00e0 Valence, apr\u00e8s avoir \u00e9t\u00e9 test\u00e9 n\u00e9gatif au Covid-19 jeudi. &gt;&gt; LIRE AUSSI : MotoGP, toutes les infos Le pilote italien, \u00e2g\u00e9 de 41 ans, avait manqu\u00e9 les deux derniers Grands Prix apr\u00e8s avoir \u00e9t\u00e9 test\u00e9 positif au coronavirus, mais&#8230;<\/p>\n<p class=\"read-more\"><a class=\"btn btn-default\" href=\"https:\/\/www.on4cn.be\/blog_ot4n\/2020\/11\/06\/valentino-rossi-negatif-au-covid-19\/\">Lire la suite<span class=\"screen-reader-text\"> Lire la suite<\/span><\/a><\/p>\n","protected":false},"author":1,"featured_media":0,"comment_status":"open","ping_status":"open","sticky":false,"template":"","format":"standard","meta":{"footnotes":""},"categories":[7,6],"tags":[],"_links":{"self":[{"href":"https:\/\/www.on4cn.be\/blog_ot4n\/wp-json\/wp\/v2\/posts\/1184"}],"collection":[{"href":"https:\/\/www.on4cn.be\/blog_ot4n\/wp-json\/wp\/v2\/posts"}],"about":[{"href":"https:\/\/www.on4cn.be\/blog_ot4n\/wp-json\/wp\/v2\/types\/post"}],"author":[{"embeddable":true,"href":"https:\/\/www.on4cn.be\/blog_ot4n\/wp-json\/wp\/v2\/users\/1"}],"replies":[{"embeddable":true,"href":"https:\/\/www.on4cn.be\/blog_ot4n\/wp-json\/wp\/v2\/comments?post=1184"}],"version-history":[{"count":1,"href":"https:\/\/www.on4cn.be\/blog_ot4n\/wp-json\/wp\/v2\/posts\/1184\/revisions"}],"predecessor-version":[{"id":1185,"href":"https:\/\/www.on4cn.be\/blog_ot4n\/wp-json\/wp\/v2\/posts\/1184\/revisions\/1185"}],"wp:attachment":[{"href":"https:\/\/www.on4cn.be\/blog_ot4n\/wp-json\/wp\/v2\/media?parent=1184"}],"wp:term":[{"taxonomy":"category","embeddable":true,"href":"https:\/\/www.on4cn.be\/blog_ot4n\/wp-json\/wp\/v2\/categories?post=1184"},{"taxonomy":"post_tag","embeddable":true,"href":"https:\/\/www.on4cn.be\/blog_ot4n\/wp-json\/wp\/v2\/tags?post=1184"}],"curies":[{"name":"wp","href":"https:\/\/api.w.org\/{rel}","templated":true}]}}