{"id":1138,"date":"2020-10-06T09:30:33","date_gmt":"2020-10-06T08:30:33","guid":{"rendered":"http:\/\/www.on4cn.be\/blog_ot4n\/?p=1138"},"modified":"2020-10-06T09:30:33","modified_gmt":"2020-10-06T08:30:33","slug":"rossi-continuera-en-2021","status":"publish","type":"post","link":"https:\/\/www.on4cn.be\/blog_ot4n\/2020\/10\/06\/rossi-continuera-en-2021\/","title":{"rendered":"Rossi continuera en 2021"},"content":{"rendered":"<p><center><strong><span style=\"color: #ff0000;\"><\/p>\n<h3>\u00ab Tout est r\u00e9gl\u00e9 \u00bb, Rossi continuera en 2021<\/h3>\n<p><\/span><\/strong><\/center>                     <\/p>\n<p style=\"text-align: center;\"><img loading=\"lazy\" decoding=\"async\" src=\"https:\/\/www.gp-inside.com\/layout\/uploads\/2020\/07\/valentino-rossi-jereztest-motogp-2020-2.jpg\" width=\"600\" height=\"400\"\/><\/p>\n<p>16 juillet 2020 \u00e0 19h23 Daryl Ramadier<\/p>\n<p><strong>Valentino Rossi sera pilote dans l&rsquo;\u00e9quipe Petronas Yamaha SRT en 2021. Il l&rsquo;avait fait savoir mercredi, apr\u00e8s le test de Jerez, et l&rsquo;a confirm\u00e9 ce jeudi,<br \/>\nlors de la conf\u00e9rence de presse du Grand Prix d&rsquo;Espagne. <\/strong><span id=\"more-65210\"><\/span><\/p>\n<p>Un long feuilleton, celui de l&rsquo;avenir de Valentino Rossi au-del\u00e0 de la saison 2020, est en train de toucher \u00e0 sa fin. Voil\u00e0 plusieurs mois que les questions se bousculent,<br \/>\ndont la principale : sera-t-il au d\u00e9part en MotoGP en 2021 ? Ce n&rsquo;est pas encore sign\u00e9, mais la r\u00e9ponse est oui. Et c&rsquo;est le principal int\u00e9ress\u00e9 qui l&rsquo;affirme.<\/p>\n<p>D\u00ebbut f\u00e9vrier, le nonuple champion du monde avait expliqu\u00e9 avoir besoin de temps pour trancher la question. Il souhaitait disputer quelques Grands Prix afin de jauger son niveau,<br \/>\nalors que sa saison 2019 avait \u00e9t\u00e9 la pire de sa carri\u00e8re chez Yamaha (7e du championnat avec seulement 2 podiums). Mais l&rsquo;\u00e9pid\u00e9mie de coronavirus est pass\u00e9e par l\u00e0, et a<br \/>\nretard\u00e9 de quatre mois le lancement des hostilit\u00e9s. Or, Yamaha ne peut attendre septembre ou octobre pour boucler ses contrats.<\/p>\n<p><em>\u00ab Pour moi cette situation a un peu chang\u00e9 mes plans, parce que j&rsquo;avais besoin de rouler en 2020 pour d\u00e9cider de si j&rsquo;allais continuer en 2021, si je pouvais<br \/>\ntoujours \u00eatre rapide et comp\u00e9titif<\/em>, a expliqu\u00e9 Valentino Rossi \u00e0 la veille des premiers essais libres du Grand Prix d&rsquo;Espagne. <em>Au final, j&rsquo;ai d\u00fb prendre ma<br \/>\nd\u00e9cision sans course. Mais j&rsquo;ai beaucoup parl\u00e9 avec Yamaha et je veux continuer.<\/em> \u00bb<\/p>\n<p>L&rsquo;Italien aura 42 ans au moment d&rsquo;aborder la saison 2021. <strong><em>\u00ab Cela va demander de gros efforts parce que je dois travailler tr\u00e8s dur. Malheureusement,<br \/>\nc&rsquo;est comme \u00e7a quand vous \u00eates vieux<\/em>, glisse-t-il, sourire aux l\u00e8vres. <em>Mais je veux faire partie de l&rsquo;aventure. Nous sommes d&rsquo;accord avec Yamaha,<br \/>\nj&rsquo;ai aussi d\u00e9j\u00e0 parl\u00e9 avec Petronas et tout est r\u00e9gl\u00e9. \u00bb <\/em><\/strong><\/p>\n<p>Remplac\u00e9 par Fabio Quartararo dans l&rsquo;\u00e9quipe officielle, Valentino Rossi prendra sa place dans le team Petronas. Une partie du staff du Fran\u00e7ais ira chez Monster Energy<br \/>\nYamaha, tandis que l&rsquo;Italien prendra une partie du sien chez Petronas Yamaha SRT. Les n\u00e9gociations sur ce point sont en cours.<\/p>\n<p><em>\u00ab Je n&rsquo;ai pas sign\u00e9 de contrat car il n&rsquo;est pas encore pr\u00eat, parce que nous devons construire le team. Je pense que beaucoup de personnes vont aller d&rsquo;une<br \/>\n\u00e9quipe \u00e0 une autre, parce que Fabio et moi \u00e9changeons nos positions. Mais je pense que ce sera bient\u00f4t pr\u00eat, d\u00e8s que possible. \u00bb<\/em><\/p>\n<p><strong><a href=\"https:\/\/www.gp-inside.com\/gp-despagne-programme-horaires-tv\/\">Programme et horaires du GP d\u2019Espagne<\/a><\/strong><\/p>\n<p>Info de la Source Publi\u00e9 <a href=\"https:\/\/www.gp-inside.com\/tout-est-regle-rossi-continuera-en-2021\/\" target=\"_blank\" rel=\"noopener noreferrer\"><b><span style=\"color: #ff0000;\"> * ICI<\/span><\/b><\/a><\/p>\n","protected":false},"excerpt":{"rendered":"<p>\u00ab Tout est r\u00e9gl\u00e9 \u00bb, Rossi continuera en 2021 16 juillet 2020 \u00e0 19h23 Daryl Ramadier Valentino Rossi sera pilote dans l&rsquo;\u00e9quipe Petronas Yamaha SRT en 2021. Il l&rsquo;avait fait savoir mercredi, apr\u00e8s le test de Jerez, et l&rsquo;a confirm\u00e9 ce jeudi, lors de la conf\u00e9rence de presse du Grand Prix d&rsquo;Espagne. Un long feuilleton, celui de l&rsquo;avenir de Valentino Rossi au-del\u00e0 de la saison 2020, est en train de toucher \u00e0 sa fin. Voil\u00e0 plusieurs mois que les questions&#8230;<\/p>\n<p class=\"read-more\"><a class=\"btn btn-default\" href=\"https:\/\/www.on4cn.be\/blog_ot4n\/2020\/10\/06\/rossi-continuera-en-2021\/\">Lire la suite<span class=\"screen-reader-text\"> Lire la suite<\/span><\/a><\/p>\n","protected":false},"author":1,"featured_media":0,"comment_status":"open","ping_status":"open","sticky":false,"template":"","format":"standard","meta":{"footnotes":""},"categories":[7,6],"tags":[],"_links":{"self":[{"href":"https:\/\/www.on4cn.be\/blog_ot4n\/wp-json\/wp\/v2\/posts\/1138"}],"collection":[{"href":"https:\/\/www.on4cn.be\/blog_ot4n\/wp-json\/wp\/v2\/posts"}],"about":[{"href":"https:\/\/www.on4cn.be\/blog_ot4n\/wp-json\/wp\/v2\/types\/post"}],"author":[{"embeddable":true,"href":"https:\/\/www.on4cn.be\/blog_ot4n\/wp-json\/wp\/v2\/users\/1"}],"replies":[{"embeddable":true,"href":"https:\/\/www.on4cn.be\/blog_ot4n\/wp-json\/wp\/v2\/comments?post=1138"}],"version-history":[{"count":1,"href":"https:\/\/www.on4cn.be\/blog_ot4n\/wp-json\/wp\/v2\/posts\/1138\/revisions"}],"predecessor-version":[{"id":1139,"href":"https:\/\/www.on4cn.be\/blog_ot4n\/wp-json\/wp\/v2\/posts\/1138\/revisions\/1139"}],"wp:attachment":[{"href":"https:\/\/www.on4cn.be\/blog_ot4n\/wp-json\/wp\/v2\/media?parent=1138"}],"wp:term":[{"taxonomy":"category","embeddable":true,"href":"https:\/\/www.on4cn.be\/blog_ot4n\/wp-json\/wp\/v2\/categories?post=1138"},{"taxonomy":"post_tag","embeddable":true,"href":"https:\/\/www.on4cn.be\/blog_ot4n\/wp-json\/wp\/v2\/tags?post=1138"}],"curies":[{"name":"wp","href":"https:\/\/api.w.org\/{rel}","templated":true}]}}