{"id":8442,"date":"2019-05-12T04:06:54","date_gmt":"2019-05-12T03:06:54","guid":{"rendered":"http:\/\/www.on4cn.be\/blog_radio\/?p=8442"},"modified":"2019-05-12T04:06:54","modified_gmt":"2019-05-12T03:06:54","slug":"le-75eme-anniversaire-du-jour-j","status":"publish","type":"post","link":"http:\/\/www.on4cn.be\/blog_radio\/2019\/05\/12\/le-75eme-anniversaire-du-jour-j\/","title":{"rendered":"Le 75eme anniversaire du Jour J"},"content":{"rendered":"<article class=\"article\">\n<center><strong><span style=\"color: #ff0000;\"><\/p>\n<h4>Le mus\u00e9e VOA le 6\/06\/2019 le 75eme anniversaire du Jour J<\/h4>\n<p><\/span><\/strong><\/center><\/p>\n<p style=\"text-align: justify;\"><img loading=\"lazy\" decoding=\"async\" class=\"alignleft size-medium wp-image-116653\" src=\"http:\/\/www.radioamateurs.news.sciencesfrance.fr\/wp-content\/uploads\/2019\/05\/VOA-Musee-300x177.jpg\" alt=\"\" width=\"300\" height=\"177\" \/><br \/><center><b>Le mus\u00e9e VOA accueillera le 6 juin prochain le 75 e anniversaire du Jour J<\/b><\/center><\/p>\n<p style=\"text-align: justify;\">Le Mus\u00e9e national de la radiodiffusion \u00ab Voice of America de West Chester \u00bb organisera le jeudi 6 juin \u00e0 9 heures, \u00e0 l\u2019occasion de la comm\u00e9moration du 75e anniversaire du d\u00e9barquement, le d\u00e9barquement sur la pelouse du mus\u00e9e.<br \/>\nL&rsquo;\u00e9v\u00e9nement parrain\u00e9 par les conseillers financiers \u00ab Kehoe de Cincinnati \u00bb honorera la m\u00e9moire des soldats de la Seconde Guerre mondiale qui ont particip\u00e9 au jour J et \u00e0 la bataille de Normandie, ainsi que des v\u00e9t\u00e9rans de toutes les guerres.<br \/>\nApr\u00e8s une pr\u00e9sentation de la lzv\u00e9e des couleurs par les anciens combattants du \u00ab Foreign Wars Post 7696&Prime; et une br\u00e8ve c\u00e9r\u00e9monie, anciens combattants et autres invit\u00e9s seront invit\u00e9s \u00e0 l&rsquo;int\u00e9rieur du mus\u00e9e pour du caf\u00e9 gratuit, des beignets et des visites du mus\u00e9e jusqu&rsquo;\u00e0 midi.<br \/>\nLe public est invit\u00e9.<br \/>\nLe caf\u00e9 sera offert par la \u00bb CAVU de West Chester \u00bb, tandis que les magasins \u00ab Kroger \u00e0 Sharonville \u00bb et sur \u00ab Tylervsille Road \u00bb \u00e0 \u00ab West Chester \u00bb fourniront les beignets.<br \/>\n\u00abLe jour J a \u00e9t\u00e9 la plus grande invasion maritime de l\u2019histoire du monde et a permis aux troupes alli\u00e9es de gagner la Seconde Guerre mondiale\u00bb, a d\u00e9clar\u00e9 \u00bb Ken Rieser \u00bb, pr\u00e9sident du conseil d\u2019administration du \u00ab VOA Museum \u00bb. \u00ab Le sacrifice dans la vie humaine ce jour-l\u00e0 seulement donne \u00e0 r\u00e9fl\u00e9chir &#8211; environ 4 500 soldats alli\u00e9s et 3 000 \u00e0 9 000 soldats nazis. \u00bb<br \/>\nAu cours de l\u2019 op\u00e9ration \u00ab Overlord \u00bb , qui s\u2019est d\u00e9roul\u00e9e du d\u00e9barquement du 6 juin 1944 au 30 ao\u00fbt 1944, lorsque les troupes allemandes se sont repli\u00e9es vers l\u2019Est de la Seine, plus de 425 000 soldats alli\u00e9s et allemands sont morts, selon l\u2019 Encyclop\u00e9die du jour J de \u00ab Barrett Tillman \u00bb ( 2014, Regnery Publishing ) , sur <a href=\"http:\/\/www.HistoryontheNet.com\"><span style=\"text-decoration: underline; color: #0000ff;\"><strong>ICI<\/strong> <\/span><\/a>. Environ 209 000 seraient des troupes alli\u00e9es.<br \/>\n\u00abBien que nombre des soldats ayant particip\u00e9 au jour J ne soient plus parmi nous, nous souhaitons comm\u00e9morer leur sacrifice &#8211; ainsi que ceux de tous les anciens combattants dans toutes les guerres depuis\u00bb, a d\u00e9clar\u00e9 Tom Keller, de Kehoe Financial Advisors. \u00abLe jour J est un jour solennel, mais aussi un rappel \u00e9difiant de ce que notre pays peut accomplir lorsque nous nous rassemblons pour une cause juste.\u00bb<br \/>\nLes RSVP sont pri\u00e9s d\u2019ici le mercredi 5 juin 2019 \u00e0 midi pour la comm\u00e9moration du jour J&nbsp; <a href=\"mailto:admin@voamuseum.org\"><span style=\"text-decoration: underline;\"><strong>ICI&nbsp;<\/strong><\/span><\/a> afin d\u2019assurer une nourriture et des boissons ad\u00e9quates.<\/p>\n<p style=\"text-align: center;\"><a href=\"http:\/\/www.southgatearc.org\/news\/2019\/may\/voa-museum-to-host-75-th-anniversary-commemoration-of-d-day.htm\"><img loading=\"lazy\" decoding=\"async\" class=\"aligncenter size-full wp-image-55145\" src=\"http:\/\/www.radioamateurs.news.sciencesfrance.fr\/wp-content\/uploads\/2015\/02\/Southgate.png\" alt=\"\" width=\"120\" height=\"30\"><\/a><\/p>\n<p>Info de la Source Publi\u00e9 dans ANRPFD <a href=\"http:\/\/www.radioamateurs.news.sciencesfrance.fr\/?p=96675\" target=\"_blank\" rel=\"noopener noreferrer\"><b><span style=\"color: #ff0000;\"> * ICI<\/span><\/b><\/a><\/p>\n<\/article>\n","protected":false},"excerpt":{"rendered":"<p>Le mus\u00e9e VOA le 6\/06\/2019 le 75eme anniversaire du Jour J Le mus\u00e9e VOA accueillera le 6 juin prochain le 75 e anniversaire du Jour J Le Mus\u00e9e national de la radiodiffusion \u00ab Voice of America de West Chester \u00bb organisera le jeudi 6 juin \u00e0 9 heures, \u00e0 l\u2019occasion de la comm\u00e9moration du 75e &hellip; <a href=\"http:\/\/www.on4cn.be\/blog_radio\/2019\/05\/12\/le-75eme-anniversaire-du-jour-j\/\" class=\"more-link\">Continuer la lecture<span class=\"screen-reader-text\"> de &laquo;&nbsp;Le 75eme anniversaire du Jour J&nbsp;&raquo;<\/span><\/a><\/p>\n","protected":false},"author":1,"featured_media":0,"comment_status":"open","ping_status":"open","sticky":false,"template":"","format":"standard","meta":{"footnotes":""},"categories":[10,24,25],"tags":[],"class_list":["post-8442","post","type-post","status-publish","format-standard","hentry","category-infos","category-trafic-radio","category-trafic-radioamatuer"],"_links":{"self":[{"href":"http:\/\/www.on4cn.be\/blog_radio\/wp-json\/wp\/v2\/posts\/8442","targetHints":{"allow":["GET"]}}],"collection":[{"href":"http:\/\/www.on4cn.be\/blog_radio\/wp-json\/wp\/v2\/posts"}],"about":[{"href":"http:\/\/www.on4cn.be\/blog_radio\/wp-json\/wp\/v2\/types\/post"}],"author":[{"embeddable":true,"href":"http:\/\/www.on4cn.be\/blog_radio\/wp-json\/wp\/v2\/users\/1"}],"replies":[{"embeddable":true,"href":"http:\/\/www.on4cn.be\/blog_radio\/wp-json\/wp\/v2\/comments?post=8442"}],"version-history":[{"count":0,"href":"http:\/\/www.on4cn.be\/blog_radio\/wp-json\/wp\/v2\/posts\/8442\/revisions"}],"wp:attachment":[{"href":"http:\/\/www.on4cn.be\/blog_radio\/wp-json\/wp\/v2\/media?parent=8442"}],"wp:term":[{"taxonomy":"category","embeddable":true,"href":"http:\/\/www.on4cn.be\/blog_radio\/wp-json\/wp\/v2\/categories?post=8442"},{"taxonomy":"post_tag","embeddable":true,"href":"http:\/\/www.on4cn.be\/blog_radio\/wp-json\/wp\/v2\/tags?post=8442"}],"curies":[{"name":"wp","href":"https:\/\/api.w.org\/{rel}","templated":true}]}}