{"id":8332,"date":"2019-04-26T05:57:27","date_gmt":"2019-04-26T04:57:27","guid":{"rendered":"http:\/\/www.on4cn.be\/blog_radio\/?p=8332"},"modified":"2019-04-26T05:57:27","modified_gmt":"2019-04-26T04:57:27","slug":"ad5a-na-092-2","status":"publish","type":"post","link":"http:\/\/www.on4cn.be\/blog_radio\/2019\/04\/26\/ad5a-na-092-2\/","title":{"rendered":"AD5A, NA-092"},"content":{"rendered":"<article class=\"article\">\n<center><strong><span style=\"color: #ff0000;\"><\/p>\n<h3>(INFORMATION) AD5A, NA-092<\/h3>\n<p><\/span><\/strong><\/center><\/p>\n<p style=\"text-align: center;\"><a href=\"https:\/\/3.bp.blogspot.com\/-LkAfuHlUPcg\/XMIBVnLM-bI\/AAAAAAABDO8\/BndW5QV99AsiLmBxjdr36_6fPhU5k3iWwCLcBGAs\/s1600\/ad5a%2Bisla%2B2.jpg\" imageanchor=\"1\" style=\"margin-left: 1em; margin-right: 1em;\"><img loading=\"lazy\" decoding=\"async\" width=\"500\" height=\"350\" src=\"https:\/\/3.bp.blogspot.com\/-LkAfuHlUPcg\/XMIBVnLM-bI\/AAAAAAABDO8\/BndW5QV99AsiLmBxjdr36_6fPhU5k3iWwCLcBGAs\/s1600\/ad5a%2Bisla%2B2.jpg\" \/><\/a><\/p>\n<p style=\"text-align: justify;\"><b>Mike 25 avril 2019<\/b><\/p>\n<p style=\"text-align: justify;\">La combinaison radio \/ amplificateur \/ tuner a parfaitement fonctionn\u00e9. C\u2019est la m\u00eame combinaison, moins l\u2019accordeur, que j\u2019ai utilis\u00e9e dans VK9AR. L&rsquo;antenne a d\u00e9pass\u00e9 mes attentes. Il est extr\u00eamement l\u00e9ger et portable, il n\u2019a que 4 radiales courtes et les instructions indiquent qu\u2019aucune radiale n\u2019est ajout\u00e9e ou qu\u2019elle aura un impact sur la r\u00e9sonance. J&rsquo;ai eu des doutes. L&rsquo;antenne est optimis\u00e9e pour 40 m, mais avec le tuner fonctionne bien dans les autres bandes. Je l&rsquo;ai coll\u00e9 sur un poteau en fibre de verre de 30 pieds. Selon SWR, il fonctionnait avec un amplificateur de 200 watts sur 30 m (il aurait pu en supporter plus, mais il existe une limite l\u00e9gale), de 250 \u00e0 300 watts sur 20 m et de 400 watts sur 40 m\u00e8tres. J&rsquo;ai utilis\u00e9 cette antenne en sachant que nous allions camper dans un camp public (photo) sur l&rsquo;\u00eele Padre, NA-092. J&rsquo;aurais pu camper sur la plage, mais ce plan n&rsquo;a pas \u00e9t\u00e9 approuv\u00e9 par XYL et j&rsquo;ai donc fait ce que je pouvais. Total 633 Qso.<\/p>\n<p style=\"text-align: justify;\"><b>Mike AD5A 21 avril 2019<\/b><\/p>\n<p style=\"text-align: justify;\">J&rsquo;ai pr\u00e9vu de me rendre au Texas State West (de Cameron au comt\u00e9 de Calhoun), NA-092, le lundi matin 22 avril. C&rsquo;est un voyage de 3,5 heures de mon QTH. Cela me mettrait dans les airs vers 1900, voire plus t\u00f4t. Je serai s\u00fbr d\u2019\u00eatre \u00e0 40 m de l\u2019UE EU Sunrise et de JA Sunset et \u00e0 20 m de mon lever du soleil \u00e0 environ 1200 heures, ce qui favorise g\u00e9n\u00e9ralement les \u00c9tats-Unis. J&rsquo;aurai une antenne verticale, un K3 et un amplificateur (KPA500). Seulement CW.<\/p>\n<p style=\"text-align: justify;\">Je fonctionnerai jusqu&rsquo;au mercredi 24 avril, \u00e0 environ 15h00, si les conditions le permettent. Je ferai aussi d&rsquo;autres choses, donc je ne serai pas op\u00e9rationnel tout le temps, mais j&rsquo;essaierai de le faire pendant les ouvertures de DX et suffisamment pour que toute personne qui en a besoin aux \u00c9tats-Unis ait une chance.<\/p>\n<p style=\"text-align: justify;\">J&rsquo;esp\u00e8re combler quelques postes vides. 73, Mike AD5A<\/p>\n<p style=\"text-align: justify;\"><b>Note :<\/b><br \/> <br \/>\nLa photo correspond \u00e0 l&rsquo;\u00eele Mustang, Texas, NA-092. En l&rsquo;absence de confirmation de l&rsquo;\u00eele du groupe que Mike activera, je quitte cette vue.<\/p>\n<p style=\"text-align: justify;\">73\u00b4s, Claude ON4CN<\/p>\n<p style=\"text-align: justify;\">Info de la Source de EA1CS <a href=\"http:\/\/ea1cs.blogspot.com\/\" target=\"_blank\" rel=\"noopener noreferrer\"><b><span style=\"color: #0000ff;\"> ICI<\/span><\/b><\/p>\n<\/article>\n","protected":false},"excerpt":{"rendered":"<p>(INFORMATION) AD5A, NA-092 Mike 25 avril 2019 La combinaison radio \/ amplificateur \/ tuner a parfaitement fonctionn\u00e9. C\u2019est la m\u00eame combinaison, moins l\u2019accordeur, que j\u2019ai utilis\u00e9e dans VK9AR. L&rsquo;antenne a d\u00e9pass\u00e9 mes attentes. Il est extr\u00eamement l\u00e9ger et portable, il n\u2019a que 4 radiales courtes et les instructions indiquent qu\u2019aucune radiale n\u2019est ajout\u00e9e ou qu\u2019elle &hellip; <a href=\"http:\/\/www.on4cn.be\/blog_radio\/2019\/04\/26\/ad5a-na-092-2\/\" class=\"more-link\">Continuer la lecture<span class=\"screen-reader-text\"> de &laquo;&nbsp;AD5A, NA-092&nbsp;&raquo;<\/span><\/a><\/p>\n","protected":false},"author":1,"featured_media":0,"comment_status":"open","ping_status":"open","sticky":false,"template":"","format":"standard","meta":{"footnotes":""},"categories":[22,24,25],"tags":[],"class_list":["post-8332","post","type-post","status-publish","format-standard","hentry","category-infos-dx","category-trafic-radio","category-trafic-radioamatuer"],"_links":{"self":[{"href":"http:\/\/www.on4cn.be\/blog_radio\/wp-json\/wp\/v2\/posts\/8332","targetHints":{"allow":["GET"]}}],"collection":[{"href":"http:\/\/www.on4cn.be\/blog_radio\/wp-json\/wp\/v2\/posts"}],"about":[{"href":"http:\/\/www.on4cn.be\/blog_radio\/wp-json\/wp\/v2\/types\/post"}],"author":[{"embeddable":true,"href":"http:\/\/www.on4cn.be\/blog_radio\/wp-json\/wp\/v2\/users\/1"}],"replies":[{"embeddable":true,"href":"http:\/\/www.on4cn.be\/blog_radio\/wp-json\/wp\/v2\/comments?post=8332"}],"version-history":[{"count":0,"href":"http:\/\/www.on4cn.be\/blog_radio\/wp-json\/wp\/v2\/posts\/8332\/revisions"}],"wp:attachment":[{"href":"http:\/\/www.on4cn.be\/blog_radio\/wp-json\/wp\/v2\/media?parent=8332"}],"wp:term":[{"taxonomy":"category","embeddable":true,"href":"http:\/\/www.on4cn.be\/blog_radio\/wp-json\/wp\/v2\/categories?post=8332"},{"taxonomy":"post_tag","embeddable":true,"href":"http:\/\/www.on4cn.be\/blog_radio\/wp-json\/wp\/v2\/tags?post=8332"}],"curies":[{"name":"wp","href":"https:\/\/api.w.org\/{rel}","templated":true}]}}