{"id":8228,"date":"2019-04-13T03:55:31","date_gmt":"2019-04-13T02:55:31","guid":{"rendered":"http:\/\/www.on4cn.be\/blog_radio\/?p=8228"},"modified":"2019-04-13T03:55:31","modified_gmt":"2019-04-13T02:55:31","slug":"e6af-niue-is-2","status":"publish","type":"post","link":"http:\/\/www.on4cn.be\/blog_radio\/2019\/04\/13\/e6af-niue-is-2\/","title":{"rendered":"E6AF, Niue Is."},"content":{"rendered":"<article class=\"article\">\n<center><strong><span style=\"color: #ff0000;\"><\/p>\n<h3>(INFORMATION) E6AF, Niue Is.<\/h3>\n<p><\/span><\/strong><\/center><\/p>\n<p style=\"text-align: center;\"><a href=\"https:\/\/2.bp.blogspot.com\/-004K8FExSQU\/XH5_VIuwi8I\/AAAAAAABCqA\/sK5iM9OarB0Pl8srtuJ-NnqWijB4sw3GACLcBGAs\/s1600\/niue.jpg\" imageanchor=\"1\" style=\"margin-left: 1em; margin-right: 1em;\"><img loading=\"lazy\" decoding=\"async\" width=\"500\" height=\"300\" src=\"https:\/\/2.bp.blogspot.com\/-004K8FExSQU\/XH5_VIuwi8I\/AAAAAAABCqA\/sK5iM9OarB0Pl8srtuJ-NnqWijB4sw3GACLcBGAs\/s1600\/niue.jpg\"><\/a><\/p>\n<p style=\"text-align: justify;\"><b>Janusz SP9FIH \/ 12 avril 2019<\/b><\/p>\n<p style=\"text-align: justify;\">Les 12 et 13 avril seront les derniers jours d&rsquo;op\u00e9ration \u00e0 160 m (chaque jour \u00e0 160 m, de 9h30 \u00e0 11h00 UTC). Le 14 avril, la configuration de mon antenne sera adapt\u00e9e \u00e0 la bande des 30 m. J&rsquo;ai besoin d&rsquo;un m\u00e2t plus haut pour mieux installer la verticale \u00e0 30 m. J&rsquo;esp\u00e8re que cela donnera plus de possibilit\u00e9s aux stations europ\u00e9ennes de faire de Niou\u00e9 une nouvelle entit\u00e9!<\/p>\n<ul style=\"background-color: #cccccc; font-family: &quot;Times New Roman&quot;, Times, FreeSerif, serif; font-size: 18.7px; line-height: 1.4; margin: 0.5em 0px; padding: 0px 2.5em;\">\n<li><a href='https:\/\/ea1cs.blogspot.com\/2019\/03\/e6af-niue-is.html#more' title='( INFORMACI\u00d3N )  E6AF, Niue Is.'><b><span style=\"color: #0000ff;\">Continuer la lecture &#8212;&#187;<\/b><\/span><\/a><\/li>\n<\/ul>\n<p style=\"text-align: justify;\">73\u00b4s, Claude ON4CN<\/p>\n<p style=\"text-align: justify;\">Info de la Source de EA1CS <a href=\"http:\/\/ea1cs.blogspot.com\/\" target=\"_blank\" rel=\"noopener noreferrer\"><b><span style=\"color: #0000ff;\"> ICI<\/span><\/b><\/p>\n<\/article>\n","protected":false},"excerpt":{"rendered":"<p>(INFORMATION) E6AF, Niue Is. Janusz SP9FIH \/ 12 avril 2019 Les 12 et 13 avril seront les derniers jours d&rsquo;op\u00e9ration \u00e0 160 m (chaque jour \u00e0 160 m, de 9h30 \u00e0 11h00 UTC). Le 14 avril, la configuration de mon antenne sera adapt\u00e9e \u00e0 la bande des 30 m. J&rsquo;ai besoin d&rsquo;un m\u00e2t plus haut &hellip; <a href=\"http:\/\/www.on4cn.be\/blog_radio\/2019\/04\/13\/e6af-niue-is-2\/\" class=\"more-link\">Continuer la lecture<span class=\"screen-reader-text\"> de &laquo;&nbsp;E6AF, Niue Is.&nbsp;&raquo;<\/span><\/a><\/p>\n","protected":false},"author":1,"featured_media":0,"comment_status":"open","ping_status":"open","sticky":false,"template":"","format":"standard","meta":{"footnotes":""},"categories":[11,21,22,24,25],"tags":[],"class_list":["post-8228","post","type-post","status-publish","format-standard","hentry","category-dx","category-dxpedition","category-infos-dx","category-trafic-radio","category-trafic-radioamatuer"],"_links":{"self":[{"href":"http:\/\/www.on4cn.be\/blog_radio\/wp-json\/wp\/v2\/posts\/8228","targetHints":{"allow":["GET"]}}],"collection":[{"href":"http:\/\/www.on4cn.be\/blog_radio\/wp-json\/wp\/v2\/posts"}],"about":[{"href":"http:\/\/www.on4cn.be\/blog_radio\/wp-json\/wp\/v2\/types\/post"}],"author":[{"embeddable":true,"href":"http:\/\/www.on4cn.be\/blog_radio\/wp-json\/wp\/v2\/users\/1"}],"replies":[{"embeddable":true,"href":"http:\/\/www.on4cn.be\/blog_radio\/wp-json\/wp\/v2\/comments?post=8228"}],"version-history":[{"count":0,"href":"http:\/\/www.on4cn.be\/blog_radio\/wp-json\/wp\/v2\/posts\/8228\/revisions"}],"wp:attachment":[{"href":"http:\/\/www.on4cn.be\/blog_radio\/wp-json\/wp\/v2\/media?parent=8228"}],"wp:term":[{"taxonomy":"category","embeddable":true,"href":"http:\/\/www.on4cn.be\/blog_radio\/wp-json\/wp\/v2\/categories?post=8228"},{"taxonomy":"post_tag","embeddable":true,"href":"http:\/\/www.on4cn.be\/blog_radio\/wp-json\/wp\/v2\/tags?post=8228"}],"curies":[{"name":"wp","href":"https:\/\/api.w.org\/{rel}","templated":true}]}}