{"id":7483,"date":"2018-11-05T10:17:28","date_gmt":"2018-11-05T09:17:28","guid":{"rendered":"http:\/\/www.on4cn.be\/blog_radio\/?p=7483"},"modified":"2018-11-05T10:20:15","modified_gmt":"2018-11-05T09:20:15","slug":"kd2jtx-directrice-de-luit","status":"publish","type":"post","link":"http:\/\/www.on4cn.be\/blog_radio\/2018\/11\/05\/kd2jtx-directrice-de-luit\/","title":{"rendered":"KD2JTX,  directrice de l&rsquo;UIT"},"content":{"rendered":"<article class=\"article\">\n<center><strong><span style=\"color: #ff0000;\"><\/p>\n<h3>Doreen &#8211; KD2JTX, nouvelle directrice de l&rsquo;UIT<\/h3>\n<p><\/span><\/strong><\/center><\/p>\n<p>Le 04 Novembre 2018<\/p>\n<p style=\"text-align: justify;\"><a href=\"https:\/\/2.bp.blogspot.com\/-sgs58e2AJN0\/W910tcoVkqI\/AAAAAAABBZo\/GzByOOGhnn02vuKwFBYqba6WNGs2rKGUgCLcBGAs\/s1600\/kd1jtx.jpg\" imageanchor=\"1\" style=\"margin-left: 1em; margin-right: 1em;\"><img loading=\"lazy\" decoding=\"async\" border=\"0\" width=\"400\" height=\"300\" src=\"https:\/\/2.bp.blogspot.com\/-sgs58e2AJN0\/W910tcoVkqI\/AAAAAAABBZo\/GzByOOGhnn02vuKwFBYqba6WNGs2rKGUgCLcBGAs\/s1600\/kd1jtx.jpg\" \/><\/a><\/p>\n<p style=\"text-align: justify;\"> ARRL \/ 2 Novembre 2018<\/p>\n<p style=\"text-align: justify;\">Doreen Bogdan-Martin, membre de l&rsquo;ARRL, KD2JTX, a \u00e9t\u00e9 \u00e9lue directrice du Bureau de d\u00e9veloppement des t\u00e9l\u00e9communications (BDT) de l&rsquo;Union internationale des t\u00e9l\u00e9communications (UIT). Son \u00e9lection, au premier tour des 3 tours, s&rsquo;est d\u00e9roul\u00e9e le 1er novembre lors de la Conf\u00e9rence de pl\u00e9nipotentiaires 2018 de l&rsquo;UIT \u00e0 Duba\u00ef. Bogdan-Martin devient la premi\u00e8re femme de l&rsquo;\u00e9quipe de direction de l&rsquo;UIT. Bogdan-Martin, qui avait pour th\u00e8me la campagne &lsquo;D\u00e9veloppement num\u00e9rique durable pour tous&rsquo;, a d\u00e9clar\u00e9 qu&rsquo;il travaillerait \u00e0 la cr\u00e9ation d&rsquo;un Bureau de d\u00e9veloppement des t\u00e9l\u00e9communications qui aiderait ses membres \u00e0 tirer parti des moteurs de l&rsquo;innovation et du d\u00e9veloppement \u00e9conomique.<\/p>\n<p style=\"text-align: justify;\">&lsquo;Nous devons aider les gouvernements \u00e0 int\u00e9grer les TIC dans leurs cadres de d\u00e9veloppement nationaux, en soutenant activement leurs minist\u00e8res pour faire en sorte que les strat\u00e9gies de d\u00e9veloppement num\u00e9rique mettent l&rsquo;accent sur les capacit\u00e9s humaines, les comp\u00e9tences num\u00e9riques et l&rsquo;autonomisation des personnes&rsquo;, a-t-il d\u00e9clar\u00e9. &lsquo;J&rsquo;imagine que le BDT redoublera d&rsquo;efforts pour l&rsquo;inclusion num\u00e9rique et s&rsquo;efforcera de mettre en ligne les 3,9 milliards de personnes restantes qui sont encore hors ligne.<\/p>\n<p>&lsquo; <\/p>\n<p style=\"text-align: justify;\">Sa candidature a b\u00e9n\u00e9fici\u00e9 du soutien des responsables am\u00e9ricains, notamment du secr\u00e9taire d\u2019\u00c9tat Mike Pompeo, du secr\u00e9taire au Commerce Wilbur Ross et du pr\u00e9sident de la FCC, Ajit Pai.<\/p>\n<p style=\"text-align: justify;\">&lsquo;Mme&rsquo; Bogdan-Martin est un v\u00e9ritable dirigeant et professionnel qui consacre plus de 25 ans \u00e0 ce que toutes les personnes puissent b\u00e9n\u00e9ficier des technologies de l&rsquo;information et de la communication &lsquo;, a \u00e9crit Pompeo en soutenant sa candidature. doute que Mme Bogdan-Martin soit une force motrice pour assurer la connectivit\u00e9 pour tous.<\/p>\n<p> &lsquo; <\/p>\n<p style=\"text-align: justify;\">Le Pr\u00e9sident de la FCC, M. Pai, a f\u00e9licit\u00e9 M. Bogdan-Martin, qui &lsquo;a une vaste exp\u00e9rience des questions de d\u00e9veloppement et jouera un r\u00f4le cl\u00e9 dans l&rsquo;acc\u00e9l\u00e9ration de la diffusion des communications num\u00e9riques dans le monde&rsquo;.<\/p>\n<p style=\"text-align: justify;\">Bogdan-Martin a plus de 20 ans d&rsquo;exp\u00e9rience \u00e0 l&rsquo;UIT. Au cours de la derni\u00e8re d\u00e9cennie, il a dirig\u00e9 le D\u00e9partement de la planification strat\u00e9gique et des effectifs du Secr\u00e9tariat g\u00e9n\u00e9ral de l&rsquo;UIT pour le Secr\u00e9taire g\u00e9n\u00e9ral. Ses responsabilit\u00e9s ont notamment consist\u00e9 \u00e0 \u00e9laborer les plans strat\u00e9gique et op\u00e9rationnel de l&rsquo;UIT dans le contexte des tendances des TIC et de l&rsquo;\u00e9conomie mondiale de l&rsquo;information, \u00e0 repr\u00e9senter l&rsquo;UIT en collaboration avec d&rsquo;autres agences et \u00e0 diriger et g\u00e9rer toutes les conf\u00e9rences mondiales. de l&rsquo;UIT.<\/p>\n<p style=\"text-align: justify;\">Lanc\u00e9 Equals Global Partnership, un r\u00e9seau multi-acteurs bas\u00e9 sur des preuves qui am\u00e8ne les femmes \u00e0 la technologie et les technologies aux femmes. Il a \u00e9galement dirig\u00e9 le premier sommet mondial de la jeunesse organis\u00e9 par l&rsquo;UIT avec 700 participants et 3 000 participants distants, et a cr\u00e9\u00e9 le bureau de l&rsquo;UIT aux Nations Unies, o\u00f9 il a \u00e9t\u00e9 repr\u00e9sentant du Comit\u00e9 de haut niveau sur le programme de l&rsquo;UIT. l&rsquo;ONU (HLCP).<\/p>\n<p style=\"text-align: justify;\">73\u00b4s, Claude ON4CN<\/p>\n<p style=\"text-align: justify;\">Info de la Source de EA1CS <a href=\"http:\/\/ea1cs.blogspot.com\/\" target=\"_blank\"><b><span style=\"color: #0000ff;\"> ICI<\/span><\/b><\/p>\n<\/article>\n","protected":false},"excerpt":{"rendered":"<p>Doreen &#8211; KD2JTX, nouvelle directrice de l&rsquo;UIT Le 04 Novembre 2018 ARRL \/ 2 Novembre 2018 Doreen Bogdan-Martin, membre de l&rsquo;ARRL, KD2JTX, a \u00e9t\u00e9 \u00e9lue directrice du Bureau de d\u00e9veloppement des t\u00e9l\u00e9communications (BDT) de l&rsquo;Union internationale des t\u00e9l\u00e9communications (UIT). Son \u00e9lection, au premier tour des 3 tours, s&rsquo;est d\u00e9roul\u00e9e le 1er novembre lors de la &hellip; <a href=\"http:\/\/www.on4cn.be\/blog_radio\/2018\/11\/05\/kd2jtx-directrice-de-luit\/\" class=\"more-link\">Continuer la lecture<span class=\"screen-reader-text\"> de &laquo;&nbsp;KD2JTX,  directrice de l&rsquo;UIT&nbsp;&raquo;<\/span><\/a><\/p>\n","protected":false},"author":1,"featured_media":0,"comment_status":"open","ping_status":"open","sticky":false,"template":"","format":"standard","meta":{"footnotes":""},"categories":[10,24,25],"tags":[],"class_list":["post-7483","post","type-post","status-publish","format-standard","hentry","category-infos","category-trafic-radio","category-trafic-radioamatuer"],"_links":{"self":[{"href":"http:\/\/www.on4cn.be\/blog_radio\/wp-json\/wp\/v2\/posts\/7483","targetHints":{"allow":["GET"]}}],"collection":[{"href":"http:\/\/www.on4cn.be\/blog_radio\/wp-json\/wp\/v2\/posts"}],"about":[{"href":"http:\/\/www.on4cn.be\/blog_radio\/wp-json\/wp\/v2\/types\/post"}],"author":[{"embeddable":true,"href":"http:\/\/www.on4cn.be\/blog_radio\/wp-json\/wp\/v2\/users\/1"}],"replies":[{"embeddable":true,"href":"http:\/\/www.on4cn.be\/blog_radio\/wp-json\/wp\/v2\/comments?post=7483"}],"version-history":[{"count":0,"href":"http:\/\/www.on4cn.be\/blog_radio\/wp-json\/wp\/v2\/posts\/7483\/revisions"}],"wp:attachment":[{"href":"http:\/\/www.on4cn.be\/blog_radio\/wp-json\/wp\/v2\/media?parent=7483"}],"wp:term":[{"taxonomy":"category","embeddable":true,"href":"http:\/\/www.on4cn.be\/blog_radio\/wp-json\/wp\/v2\/categories?post=7483"},{"taxonomy":"post_tag","embeddable":true,"href":"http:\/\/www.on4cn.be\/blog_radio\/wp-json\/wp\/v2\/tags?post=7483"}],"curies":[{"name":"wp","href":"https:\/\/api.w.org\/{rel}","templated":true}]}}