{"id":6945,"date":"2018-06-15T04:02:33","date_gmt":"2018-06-15T03:02:33","guid":{"rendered":"http:\/\/www.on4cn.be\/blog_radio\/?p=6945"},"modified":"2018-06-15T04:02:33","modified_gmt":"2018-06-15T03:02:33","slug":"8s8oden-arctic-ocean-2018","status":"publish","type":"post","link":"http:\/\/www.on4cn.be\/blog_radio\/2018\/06\/15\/8s8oden-arctic-ocean-2018\/","title":{"rendered":"8S8ODEN, Arctic Ocean 2018"},"content":{"rendered":"<article class=\"article\">\n<center><strong><span style=\"color: #ff0000;\"><\/p>\n<h3>8S8ODEN, Arctic Ocean 2018<\/h3>\n<p><\/span><\/strong><\/center><\/p>\n<p>Le 14 Juin 2018<\/p>\n<p style=\"text-align: justify;\"><a href=\"https:\/\/2.bp.blogspot.com\/-2zqMM7lr6eo\/WyFvzPwfZmI\/AAAAAAAA_vc\/osJY7HpfSOkZ16TmVeoOE9JxzseF5ysYACLcBGAs\/s1600\/oden.jpg\" imageanchor=\"1\" style=\"margin-left: 1em; margin-right: 1em;\"><img loading=\"lazy\" decoding=\"async\" border=\"0\" data-original-height=\"250\" data-original-width=\"400\" height=\"250\" width=\"400\" src=\"https:\/\/2.bp.blogspot.com\/-2zqMM7lr6eo\/WyFvzPwfZmI\/AAAAAAAA_vc\/osJY7HpfSOkZ16TmVeoOE9JxzseF5ysYACLcBGAs\/s1600\/oden.jpg\" \/><\/a><\/p>\n<p style=\"text-align: justify;\"> Lars, SA2LLL (ex-DL1LLL) rapports:<\/p>\n<p style=\"text-align: justify;\">L&rsquo;exp\u00e9dition de cet \u00e9t\u00e9 avec le brise-glace Oden s&rsquo;appelle Arctic Ocean 2018 et est r\u00e9alis\u00e9e en collaboration avec la National Science Foundation des \u00c9tats-Unis. Le th\u00e8me principal de la recherche d&rsquo;Oden se concentrera sur la vie microbiologique dans l&rsquo;oc\u00e9an et la glace et comment elle est li\u00e9e \u00e0 la formation des nuages \u200b\u200bdans l&rsquo;Arctique.<\/p>\n<p style=\"text-align: justify;\">Pendant environ un mois, le brise-glace Oden sera amarr\u00e9 sur une grande banquise dans l&rsquo;oc\u00e9an Arctique. Au total, 14 projets de recherche diff\u00e9rents seront r\u00e9alis\u00e9s \u00e0 bord. Les chercheurs prendront des mesures et collecteront des \u00e9chantillons et des donn\u00e9es de l&rsquo;oc\u00e9an et de la glace et de l&rsquo;air. Les \u00e9chantillons nous aideront \u00e0 mieux comprendre le r\u00f4le important des nuages \u200b\u200bdans le syst\u00e8me climatique de l&rsquo;Arctique.<\/p>\n<p style=\"text-align: justify;\">Je serai \u00e0 l&rsquo;antenne pendant mon temps libre sur PSK, WSPR et SSB. Je ne peux pas vous dire maintenant quel \u00e9quipement je vais prendre avec moi, mais il sera plus ou moins l\u00e9ger et petit, un \u00e9metteur de 100 watts.<\/p>\n<p style=\"text-align: justify;\">Suivez sur Facebook <a href=\"https:\/\/www.facebook.com\/8s8oden-254266508479421\/\"><span style=\"color: #0000ff;\"><b> 8S8ODEN<\/b><\/span><\/a> pour mise \u00e0 jour.<\/p>\n<p style=\"text-align: justify;\">73&rsquo;s, Claude<br \/>ON4CN <\/p>\n<p style=\"text-align: justify;\">Info de la Source de EA1CS <a href=\"http:\/\/ea1cs.blogspot.com\/2018\/06\/8s8oden-arctic-ocean-2018.html\" target=\"_blank\"><b><span style=\"color: #0000ff;\"> ICI<\/span><\/b><\/p>\n<\/article>\n","protected":false},"excerpt":{"rendered":"<p>8S8ODEN, Arctic Ocean 2018 Le 14 Juin 2018 Lars, SA2LLL (ex-DL1LLL) rapports: L&rsquo;exp\u00e9dition de cet \u00e9t\u00e9 avec le brise-glace Oden s&rsquo;appelle Arctic Ocean 2018 et est r\u00e9alis\u00e9e en collaboration avec la National Science Foundation des \u00c9tats-Unis. Le th\u00e8me principal de la recherche d&rsquo;Oden se concentrera sur la vie microbiologique dans l&rsquo;oc\u00e9an et la glace et &hellip; <a href=\"http:\/\/www.on4cn.be\/blog_radio\/2018\/06\/15\/8s8oden-arctic-ocean-2018\/\" class=\"more-link\">Continuer la lecture<span class=\"screen-reader-text\"> de &laquo;&nbsp;8S8ODEN, Arctic Ocean 2018&nbsp;&raquo;<\/span><\/a><\/p>\n","protected":false},"author":1,"featured_media":0,"comment_status":"open","ping_status":"open","sticky":false,"template":"","format":"standard","meta":{"footnotes":""},"categories":[22,24,25],"tags":[],"class_list":["post-6945","post","type-post","status-publish","format-standard","hentry","category-infos-dx","category-trafic-radio","category-trafic-radioamatuer"],"_links":{"self":[{"href":"http:\/\/www.on4cn.be\/blog_radio\/wp-json\/wp\/v2\/posts\/6945","targetHints":{"allow":["GET"]}}],"collection":[{"href":"http:\/\/www.on4cn.be\/blog_radio\/wp-json\/wp\/v2\/posts"}],"about":[{"href":"http:\/\/www.on4cn.be\/blog_radio\/wp-json\/wp\/v2\/types\/post"}],"author":[{"embeddable":true,"href":"http:\/\/www.on4cn.be\/blog_radio\/wp-json\/wp\/v2\/users\/1"}],"replies":[{"embeddable":true,"href":"http:\/\/www.on4cn.be\/blog_radio\/wp-json\/wp\/v2\/comments?post=6945"}],"version-history":[{"count":0,"href":"http:\/\/www.on4cn.be\/blog_radio\/wp-json\/wp\/v2\/posts\/6945\/revisions"}],"wp:attachment":[{"href":"http:\/\/www.on4cn.be\/blog_radio\/wp-json\/wp\/v2\/media?parent=6945"}],"wp:term":[{"taxonomy":"category","embeddable":true,"href":"http:\/\/www.on4cn.be\/blog_radio\/wp-json\/wp\/v2\/categories?post=6945"},{"taxonomy":"post_tag","embeddable":true,"href":"http:\/\/www.on4cn.be\/blog_radio\/wp-json\/wp\/v2\/tags?post=6945"}],"curies":[{"name":"wp","href":"https:\/\/api.w.org\/{rel}","templated":true}]}}