{"id":5872,"date":"2018-01-28T11:52:42","date_gmt":"2018-01-28T10:52:42","guid":{"rendered":"http:\/\/www.on4cn.be\/blog_radio\/?p=5872"},"modified":"2018-01-28T11:52:42","modified_gmt":"2018-01-28T10:52:42","slug":"kp4-kp2-international-humanitarian-awards","status":"publish","type":"post","link":"http:\/\/www.on4cn.be\/blog_radio\/2018\/01\/28\/kp4-kp2-international-humanitarian-awards\/","title":{"rendered":"KP4 et KP2 International Awards"},"content":{"rendered":"<article class=\"article\">\n<center><strong><span style=\"color: #ff0000;\"><\/p>\n<h3>Radioamateurs KP4 et KP2 International Humanitarian Awards<\/h3>\n<p><\/span><\/strong><\/center><\/p>\n<p>Dimanche 28 Janvier 2018<\/p>\n<p><center><a href=\"https:\/\/4.bp.blogspot.com\/-JRw_1YmRuCo\/WmoY3q9bIZI\/AAAAAAAA8_c\/JpQrAOF37xgeBB-a1BGywYFwrWuSoa6GgCLcBGAs\/s1600\/puertoricosinluz.jpg\" imageanchor=\"1\" style=\"margin-left: 1em; margin-right: 1em;\"><img loading=\"lazy\" decoding=\"async\" border=\"0\" data-original-height=\"496\" data-original-width=\"496\" height=\"260\" src=\"https:\/\/4.bp.blogspot.com\/-JRw_1YmRuCo\/WmoY3q9bIZI\/AAAAAAAA8_c\/JpQrAOF37xgeBB-a1BGywYFwrWuSoa6GgCLcBGAs\/s640\/puertoricosinluz.jpg\" width=\"496\" \/><\/a><\/center><\/p>\n<p style=\"text-align: center;\">PRARL web \/ 24 Janvier 2018<\/p>\n<p style=\"text-align: justify;\"><i>Le Conseil d&rsquo;administration de l&rsquo;ARRL a d\u00e9cern\u00e9 le prix international humanitaire 2018 conjointement \u00e0 la population de jambons radio de Porto Rico &#8211; servie par le chef de section de l&rsquo;ARRL, Oscar Resto, KP4RF &#8211; et les radioamateurs des \u00eeles Vierges am\u00e9ricaines, servi par le chef de section de l&rsquo;ARRL, Fred Kleber, K9VV. Les radioamateurs de Porto Rico et des \u00eeles Vierges am\u00e9ricaines ont contribu\u00e9 \u00e0 l&rsquo;aide d&rsquo;urgence et \u00e0 la reconstruction apr\u00e8s une douloureuse saison des ouragans dans les Cara\u00efbes.<\/i><\/p>\n<p style=\"text-align: justify;\"><i>Le Conseil a not\u00e9 que la radio amateur \u00e0 Porto Rico et les \u00eeles Vierges des \u00c9tats-Unis ont \u00e9t\u00e9 \u00ab exerc\u00e9 des pressions pour fournir un service imm\u00e9diat avant et pendant les temp\u00eates d\u00e9vastatrices \u00bb au cours de la saison des ouragans de 2017. Les efforts des communaut\u00e9s locales continuent de soutenir amateur \u00bb, a d\u00e9clar\u00e9 le Conseil,\u00ab et les dirigeants de l&rsquo;ARRL dans chaque section continuent de rendre un service extraordinaire \u00e0 leurs communaut\u00e9s. L&rsquo;ARRL a cr\u00e9\u00e9 le Prix humanitaire international pour r\u00e9compenser \u00ables radioamateurs v\u00e9ritablement remarquables dans les domaines de l&rsquo;humanitaire international et de la promotion de la paix\u00bb.<\/i><\/p>\n<p style=\"text-align: justify;\"><i>Dans une motion distincte, le Conseil a reconnu le travail et le service exceptionnels et a f\u00e9licit\u00e9 tous ceux qui ont particip\u00e9 aux divers efforts de communication d&rsquo;aide d&rsquo;ouragan en 2017. Le Conseil a cit\u00e9 les communaut\u00e9s de radioamateur de Porto Rico, les \u00celes Vierges am\u00e9ricaines. . \u00c9tats-Unis, l&rsquo;\u00eele des Cara\u00efbes et le sud de la Floride et du Texas pour \u00abservice exceptionnel pendant la saison des ouragans de l&rsquo;Atlantique de 2017, qualifiant leurs efforts\u00bb comme un affichage d\u00e9montrable du service public radio amateur.<\/i><\/p>\n<p style=\"text-align: justify;\"><i>Sur la recommandation du comit\u00e9 consultatif technique de l&rsquo;ARRL et des comit\u00e9s des programmes et des services de l&rsquo;ARRL, le conseil a d\u00e9cern\u00e9 le Prix d&rsquo;excellence technique Joe Taylor, W1FB, Doug DeMaw 2017, K1JT; Steve Frank, K9AN, et Bill Somerville, G4WJS, pour leurs articles, &lsquo;Work the World avec WSJT-X&rsquo; (parties 1 et 2), qui a \u00e9t\u00e9 publi\u00e9 dans la TVQ pour l&rsquo;ann\u00e9e 2007.<\/i><\/p>\n<p><\/p>\n<ul>\n<li><a href=\"http:\/\/prarl.org\/\" target=\"_blank\"><b><span style=\"color: #0000ff;\"> PRARL web ici<\/span><\/b><\/a><\/li>\n<\/ul>\n<p>73&rsquo;s, Claude<br \/>ON4CN <\/p>\n<p>Info de la Source de EA1CS <a href=\"http:\/\/ea1cs.blogspot.be\/2018\/01\/radioaficionados-de-kp4-y-kp2-premios.html\" target=\"_blank\" target=\"_blank\"><b><span style=\"color: #0000ff;\"> ICI<\/span><\/b><\/p>\n<\/article>\n","protected":false},"excerpt":{"rendered":"<p>Radioamateurs KP4 et KP2 International Humanitarian Awards Dimanche 28 Janvier 2018 PRARL web \/ 24 Janvier 2018 Le Conseil d&rsquo;administration de l&rsquo;ARRL a d\u00e9cern\u00e9 le prix international humanitaire 2018 conjointement \u00e0 la population de jambons radio de Porto Rico &#8211; servie par le chef de section de l&rsquo;ARRL, Oscar Resto, KP4RF &#8211; et les radioamateurs &hellip; <a href=\"http:\/\/www.on4cn.be\/blog_radio\/2018\/01\/28\/kp4-kp2-international-humanitarian-awards\/\" class=\"more-link\">Continuer la lecture<span class=\"screen-reader-text\"> de &laquo;&nbsp;KP4 et KP2 International Awards&nbsp;&raquo;<\/span><\/a><\/p>\n","protected":false},"author":1,"featured_media":0,"comment_status":"open","ping_status":"open","sticky":false,"template":"","format":"standard","meta":{"footnotes":""},"categories":[10,8,25],"tags":[],"class_list":["post-5872","post","type-post","status-publish","format-standard","hentry","category-infos","category-radio-club","category-trafic-radioamatuer"],"_links":{"self":[{"href":"http:\/\/www.on4cn.be\/blog_radio\/wp-json\/wp\/v2\/posts\/5872","targetHints":{"allow":["GET"]}}],"collection":[{"href":"http:\/\/www.on4cn.be\/blog_radio\/wp-json\/wp\/v2\/posts"}],"about":[{"href":"http:\/\/www.on4cn.be\/blog_radio\/wp-json\/wp\/v2\/types\/post"}],"author":[{"embeddable":true,"href":"http:\/\/www.on4cn.be\/blog_radio\/wp-json\/wp\/v2\/users\/1"}],"replies":[{"embeddable":true,"href":"http:\/\/www.on4cn.be\/blog_radio\/wp-json\/wp\/v2\/comments?post=5872"}],"version-history":[{"count":0,"href":"http:\/\/www.on4cn.be\/blog_radio\/wp-json\/wp\/v2\/posts\/5872\/revisions"}],"wp:attachment":[{"href":"http:\/\/www.on4cn.be\/blog_radio\/wp-json\/wp\/v2\/media?parent=5872"}],"wp:term":[{"taxonomy":"category","embeddable":true,"href":"http:\/\/www.on4cn.be\/blog_radio\/wp-json\/wp\/v2\/categories?post=5872"},{"taxonomy":"post_tag","embeddable":true,"href":"http:\/\/www.on4cn.be\/blog_radio\/wp-json\/wp\/v2\/tags?post=5872"}],"curies":[{"name":"wp","href":"https:\/\/api.w.org\/{rel}","templated":true}]}}