{"id":5722,"date":"2018-01-07T09:42:13","date_gmt":"2018-01-07T08:42:13","guid":{"rendered":"http:\/\/www.on4cn.be\/blog_radio\/?p=5722"},"modified":"2018-01-07T09:44:57","modified_gmt":"2018-01-07T08:44:57","slug":"film-radio-amateur","status":"publish","type":"post","link":"http:\/\/www.on4cn.be\/blog_radio\/2018\/01\/07\/film-radio-amateur\/","title":{"rendered":"Film radio amateur"},"content":{"rendered":"<article class=\"article\">\n<center><strong><span style=\"color: #ff0000;\"><\/p>\n<h3>Film radio amateur d\u00e9cern\u00e9<\/h3>\n<p><\/span><\/strong><\/center><\/p>\n<p>Samedi 06 Janvier 2018<\/p>\n<p><center><a href=\"https:\/\/1.bp.blogspot.com\/-95stvypL_jY\/Wk_IuixrEgI\/AAAAAAAA8i4\/XNifjBw8uwoALgmHdjVVMoAomzA01LBIQCLcBGAs\/s1600\/cuba9.jpg\" imageanchor=\"1\" style=\"margin-left: 1em; margin-right: 1em;\"><img loading=\"lazy\" decoding=\"async\" border=\"0\" data-original-height=\"496\" data-original-width=\"496\" height=\"274\" src=\"https:\/\/1.bp.blogspot.com\/-95stvypL_jY\/Wk_IuixrEgI\/AAAAAAAA8i4\/XNifjBw8uwoALgmHdjVVMoAomzA01LBIQCLcBGAs\/s640\/cuba9.jpg\" width=\"496\" \/><\/a><\/center><\/p>\n<p style=\"text-align: center;\">R\u00e9gion IARU 2 \/ 5 Janvier 2018<\/p>\n<p style=\"text-align: justify;\"><i>Dans l&rsquo;\u00e9dition de ce lundi 18 d\u00e9cembre du journal Granma, il a \u00e9t\u00e9 annonc\u00e9 que le Prix Coral du meilleur long m\u00e9trage de fiction a \u00e9t\u00e9 attribu\u00e9 \u00e0 Alanis, un film argentin du cin\u00e9aste Anah\u00ed Berneri; tandis que le correspondant aux votes du public a \u00e9t\u00e9 obtenu par le film cubain Sergio y Sergu\u00e9i, par le directeur Ernesto Daranas.<\/i><\/p>\n<p style=\"text-align: justify;\"><i>Comme publi\u00e9 sur ce site de la F\u00e9d\u00e9ration des radioamateurs de Cuba (FRC), Dans ce film, le personnage principal est un radioamateur cubain qui prend contact avec la station spatiale MIR et l&rsquo;\u00e9change entre les deux op\u00e9rateurs a lieu, donnant lieu \u00e0 une amiti\u00e9 cela les aidera \u00e0 faire face aux changements qui se produisent dans leurs pays respectifs, dans la d\u00e9cennie des ann\u00e9es 90<\/i><\/p>\n<ul>\n<li>Continuez \u00e0 lire <a href=\"http:\/\/www.iaru-r2.org\/el-filme-sergio-serguei-obtuvo-el-voto-de-la-popularidad\/\" target=\"_blank\"><b><span style=\"color: #0000ff;\"> ICI<\/span><\/b><\/a><\/li>\n<\/ul>\n<p>Info de la Source de EA1CS <a href=\"http:\/\/ea1cs.blogspot.be\/2018\/01\/pelicula-de-radioaficionado-premiada.html\" target=\"_blank\" target=\"_blank\"><b><span style=\"color: #0000ff;\"> ICI<\/span><\/b><\/p>\n<\/article>\n","protected":false},"excerpt":{"rendered":"<p>Film radio amateur d\u00e9cern\u00e9 Samedi 06 Janvier 2018 R\u00e9gion IARU 2 \/ 5 Janvier 2018 Dans l&rsquo;\u00e9dition de ce lundi 18 d\u00e9cembre du journal Granma, il a \u00e9t\u00e9 annonc\u00e9 que le Prix Coral du meilleur long m\u00e9trage de fiction a \u00e9t\u00e9 attribu\u00e9 \u00e0 Alanis, un film argentin du cin\u00e9aste Anah\u00ed Berneri; tandis que le correspondant &hellip; <a href=\"http:\/\/www.on4cn.be\/blog_radio\/2018\/01\/07\/film-radio-amateur\/\" class=\"more-link\">Continuer la lecture<span class=\"screen-reader-text\"> de &laquo;&nbsp;Film radio amateur&nbsp;&raquo;<\/span><\/a><\/p>\n","protected":false},"author":1,"featured_media":0,"comment_status":"open","ping_status":"open","sticky":false,"template":"","format":"standard","meta":{"footnotes":""},"categories":[10,24,25],"tags":[],"class_list":["post-5722","post","type-post","status-publish","format-standard","hentry","category-infos","category-trafic-radio","category-trafic-radioamatuer"],"_links":{"self":[{"href":"http:\/\/www.on4cn.be\/blog_radio\/wp-json\/wp\/v2\/posts\/5722","targetHints":{"allow":["GET"]}}],"collection":[{"href":"http:\/\/www.on4cn.be\/blog_radio\/wp-json\/wp\/v2\/posts"}],"about":[{"href":"http:\/\/www.on4cn.be\/blog_radio\/wp-json\/wp\/v2\/types\/post"}],"author":[{"embeddable":true,"href":"http:\/\/www.on4cn.be\/blog_radio\/wp-json\/wp\/v2\/users\/1"}],"replies":[{"embeddable":true,"href":"http:\/\/www.on4cn.be\/blog_radio\/wp-json\/wp\/v2\/comments?post=5722"}],"version-history":[{"count":0,"href":"http:\/\/www.on4cn.be\/blog_radio\/wp-json\/wp\/v2\/posts\/5722\/revisions"}],"wp:attachment":[{"href":"http:\/\/www.on4cn.be\/blog_radio\/wp-json\/wp\/v2\/media?parent=5722"}],"wp:term":[{"taxonomy":"category","embeddable":true,"href":"http:\/\/www.on4cn.be\/blog_radio\/wp-json\/wp\/v2\/categories?post=5722"},{"taxonomy":"post_tag","embeddable":true,"href":"http:\/\/www.on4cn.be\/blog_radio\/wp-json\/wp\/v2\/tags?post=5722"}],"curies":[{"name":"wp","href":"https:\/\/api.w.org\/{rel}","templated":true}]}}