{"id":5603,"date":"2017-12-27T07:03:21","date_gmt":"2017-12-27T06:03:21","guid":{"rendered":"http:\/\/www.on4cn.be\/blog_radio\/?p=5603"},"modified":"2017-12-27T07:03:21","modified_gmt":"2017-12-27T06:03:21","slug":"od5-ea1cyk-liban","status":"publish","type":"post","link":"http:\/\/www.on4cn.be\/blog_radio\/2017\/12\/27\/od5-ea1cyk-liban\/","title":{"rendered":"OD5\/EA1CYK &#8211; Liban"},"content":{"rendered":"<article class=\"article\">\n<center><strong><span style=\"color: #ff0000;\"><\/p>\n<h3>OD5\/EA1CYK &#8211; Liban<\/h3>\n<p><\/span><\/strong><\/center><\/p>\n<p>Mardi 26 D\u00e9cembre 2017<\/p>\n<p><center><a href=\"https:\/\/2.bp.blogspot.com\/-zoao2axUYF8\/WkJ2dc34kZI\/AAAAAAAA8YU\/2rATkPOsI9Idw02aabZpzQ9HiYemoAnTACLcBGAs\/s1600\/ea1cyk-od5.JPG\" imageanchor=\"1\" style=\"margin-left: 1em; margin-right: 1em;\"><img loading=\"lazy\" decoding=\"async\" border=\"0\" data-original-height=\"1200\" data-original-width=\"1600\" height=\"480\" src=\"https:\/\/2.bp.blogspot.com\/-zoao2axUYF8\/WkJ2dc34kZI\/AAAAAAAA8YU\/2rATkPOsI9Idw02aabZpzQ9HiYemoAnTACLcBGAs\/s640\/ea1cyk-od5.JPG\" width=\"496\" \/><\/a><\/center><\/p>\n<p style=\"text-align: justify;\">Adri\u00e1n EA1CYK est de nouveau actif au Liban en utilisant l&rsquo;indicatif OD5\/EA1CYK. Juan Pedro &#8211; EA7LS son manager Qsl dit :<\/p>\n<blockquote class=\"tr_bq\" style=\"text-align: justify;\"><p><i>Salut Luis. Adri\u00e1n sera au Liban jusqu&rsquo;en mai 2018. Son temps pass\u00e9 \u00e0 la Radio d\u00e9pendra de sa situation de travail, et ce sera le week-end o\u00f9 il sera le plus actif dans les modes Ssb et num\u00e9rique.<\/i><\/p><\/blockquote>\n<p>Info de la Source de EA1CS <a href=\"http:\/\/ea1cs.blogspot.be\/2017\/12\/od5-ea1cyk-libano.html\" target=\"_blank\"><b><span style=\"color: #0000ff;\"> ICI<\/span><\/b><\/p>\n<\/article>\n","protected":false},"excerpt":{"rendered":"<p>OD5\/EA1CYK &#8211; Liban Mardi 26 D\u00e9cembre 2017 Adri\u00e1n EA1CYK est de nouveau actif au Liban en utilisant l&rsquo;indicatif OD5\/EA1CYK. Juan Pedro &#8211; EA7LS son manager Qsl dit : Salut Luis. Adri\u00e1n sera au Liban jusqu&rsquo;en mai 2018. Son temps pass\u00e9 \u00e0 la Radio d\u00e9pendra de sa situation de travail, et ce sera le week-end o\u00f9 &hellip; <a href=\"http:\/\/www.on4cn.be\/blog_radio\/2017\/12\/27\/od5-ea1cyk-liban\/\" class=\"more-link\">Continuer la lecture<span class=\"screen-reader-text\"> de &laquo;&nbsp;OD5\/EA1CYK &#8211; Liban&nbsp;&raquo;<\/span><\/a><\/p>\n","protected":false},"author":1,"featured_media":0,"comment_status":"open","ping_status":"open","sticky":false,"template":"","format":"standard","meta":{"footnotes":""},"categories":[11,22,24,25],"tags":[],"class_list":["post-5603","post","type-post","status-publish","format-standard","hentry","category-dx","category-infos-dx","category-trafic-radio","category-trafic-radioamatuer"],"_links":{"self":[{"href":"http:\/\/www.on4cn.be\/blog_radio\/wp-json\/wp\/v2\/posts\/5603","targetHints":{"allow":["GET"]}}],"collection":[{"href":"http:\/\/www.on4cn.be\/blog_radio\/wp-json\/wp\/v2\/posts"}],"about":[{"href":"http:\/\/www.on4cn.be\/blog_radio\/wp-json\/wp\/v2\/types\/post"}],"author":[{"embeddable":true,"href":"http:\/\/www.on4cn.be\/blog_radio\/wp-json\/wp\/v2\/users\/1"}],"replies":[{"embeddable":true,"href":"http:\/\/www.on4cn.be\/blog_radio\/wp-json\/wp\/v2\/comments?post=5603"}],"version-history":[{"count":0,"href":"http:\/\/www.on4cn.be\/blog_radio\/wp-json\/wp\/v2\/posts\/5603\/revisions"}],"wp:attachment":[{"href":"http:\/\/www.on4cn.be\/blog_radio\/wp-json\/wp\/v2\/media?parent=5603"}],"wp:term":[{"taxonomy":"category","embeddable":true,"href":"http:\/\/www.on4cn.be\/blog_radio\/wp-json\/wp\/v2\/categories?post=5603"},{"taxonomy":"post_tag","embeddable":true,"href":"http:\/\/www.on4cn.be\/blog_radio\/wp-json\/wp\/v2\/tags?post=5603"}],"curies":[{"name":"wp","href":"https:\/\/api.w.org\/{rel}","templated":true}]}}