{"id":5458,"date":"2017-12-03T08:28:54","date_gmt":"2017-12-03T07:28:54","guid":{"rendered":"http:\/\/www.on4cn.be\/blog_radio\/?p=5458"},"modified":"2017-12-03T08:28:54","modified_gmt":"2017-12-03T07:28:54","slug":"international-civil-aviation-day","status":"publish","type":"post","link":"http:\/\/www.on4cn.be\/blog_radio\/2017\/12\/03\/international-civil-aviation-day\/","title":{"rendered":"International Civil Aviation Day"},"content":{"rendered":"<article class=\"article\">\n<center><strong><span style=\"color: #ff0000;\"><\/p>\n<h4>4Y1A, U.N, International Civil Aviation Day<\/h4>\n<p><\/span><\/strong><\/center><\/p>\n<p>Samedi 02 D\u00e9cembre 2017<\/p>\n<p><center><a href=\"https:\/\/1.bp.blogspot.com\/-kOsVY-siyeg\/WiGhbehNbUI\/AAAAAAAA7_U\/3id-K3ZAYwAZNSIh6BXpnjGaMaSv7hl6gCLcBGAs\/s1600\/4y1.jpg\" imageanchor=\"1\" style=\"margin-left: 1em; margin-right: 1em;\"><img loading=\"lazy\" decoding=\"async\" border=\"0\" data-original-height=\"520\" data-original-width=\"496\" height=\"316\" src=\"https:\/\/1.bp.blogspot.com\/-kOsVY-siyeg\/WiGhbehNbUI\/AAAAAAAA7_U\/3id-K3ZAYwAZNSIh6BXpnjGaMaSv7hl6gCLcBGAs\/s640\/4y1.jpg\" width=\"496\" \/><\/a><\/center><\/p>\n<p style=\"text-align: justify;\">Du 7 au 14 d\u00e9cembre 2017, les Membres du Club de Concours de Radio Amateur DX des Nations Unies (4U1A) seront \u00e0 l&rsquo;antenne en tant que 4Y1A (DXCC: Autriche) pendant la Journ\u00e9e de l&rsquo;aviation civile internationale. Ils op\u00e9reront HF \/ VHF en mode Cw, Ssb et num\u00e9rique.<\/p>\n<p style=\"text-align: justify;\">Qsl via UA3DX Club Log OQRS.<\/p>\n<p>Info de la Source de EA1CS <a href=\"http:\/\/ea1cs.blogspot.be\/2017\/12\/4y1a-un-international-civil-aviation-day.html\" target=\"_blank\"><b><span style=\"color: #0000ff;\"> ICI<\/span><\/b><\/p>\n<\/article>\n","protected":false},"excerpt":{"rendered":"<p>4Y1A, U.N, International Civil Aviation Day Samedi 02 D\u00e9cembre 2017 Du 7 au 14 d\u00e9cembre 2017, les Membres du Club de Concours de Radio Amateur DX des Nations Unies (4U1A) seront \u00e0 l&rsquo;antenne en tant que 4Y1A (DXCC: Autriche) pendant la Journ\u00e9e de l&rsquo;aviation civile internationale. Ils op\u00e9reront HF \/ VHF en mode Cw, Ssb &hellip; <a href=\"http:\/\/www.on4cn.be\/blog_radio\/2017\/12\/03\/international-civil-aviation-day\/\" class=\"more-link\">Continuer la lecture<span class=\"screen-reader-text\"> de &laquo;&nbsp;International Civil Aviation Day&nbsp;&raquo;<\/span><\/a><\/p>\n","protected":false},"author":1,"featured_media":0,"comment_status":"open","ping_status":"open","sticky":false,"template":"","format":"standard","meta":{"footnotes":""},"categories":[10,22,24,25],"tags":[],"class_list":["post-5458","post","type-post","status-publish","format-standard","hentry","category-infos","category-infos-dx","category-trafic-radio","category-trafic-radioamatuer"],"_links":{"self":[{"href":"http:\/\/www.on4cn.be\/blog_radio\/wp-json\/wp\/v2\/posts\/5458","targetHints":{"allow":["GET"]}}],"collection":[{"href":"http:\/\/www.on4cn.be\/blog_radio\/wp-json\/wp\/v2\/posts"}],"about":[{"href":"http:\/\/www.on4cn.be\/blog_radio\/wp-json\/wp\/v2\/types\/post"}],"author":[{"embeddable":true,"href":"http:\/\/www.on4cn.be\/blog_radio\/wp-json\/wp\/v2\/users\/1"}],"replies":[{"embeddable":true,"href":"http:\/\/www.on4cn.be\/blog_radio\/wp-json\/wp\/v2\/comments?post=5458"}],"version-history":[{"count":0,"href":"http:\/\/www.on4cn.be\/blog_radio\/wp-json\/wp\/v2\/posts\/5458\/revisions"}],"wp:attachment":[{"href":"http:\/\/www.on4cn.be\/blog_radio\/wp-json\/wp\/v2\/media?parent=5458"}],"wp:term":[{"taxonomy":"category","embeddable":true,"href":"http:\/\/www.on4cn.be\/blog_radio\/wp-json\/wp\/v2\/categories?post=5458"},{"taxonomy":"post_tag","embeddable":true,"href":"http:\/\/www.on4cn.be\/blog_radio\/wp-json\/wp\/v2\/tags?post=5458"}],"curies":[{"name":"wp","href":"https:\/\/api.w.org\/{rel}","templated":true}]}}