{"id":4697,"date":"2017-07-20T05:46:47","date_gmt":"2017-07-20T04:46:47","guid":{"rendered":"http:\/\/www.on4cn.be\/blog_radio\/?p=4697"},"modified":"2017-07-20T05:46:47","modified_gmt":"2017-07-20T04:46:47","slug":"tm3ffi","status":"publish","type":"post","link":"http:\/\/www.on4cn.be\/blog_radio\/2017\/07\/20\/tm3ffi\/","title":{"rendered":"TM3FFI 21, 22, 23 et 24\/07\/2017"},"content":{"rendered":"<article class=\"article\">\n<center><strong><span style=\"color: #ff0000;\"><\/p>\n<h4>TM3FFI : Vercors, les ondes de la libert\u00e9 \u00bb les 21, 22, 23 et 24\/07\/2017!<\/h4>\n<p><\/span><\/strong><\/center><\/p>\n<p style=\"text-align: justify;\"><a href=\"http:\/\/www.radioamateurs.news.sciencesfrance.fr\/?attachment_id=92730\" rel=\"attachment wp-att-92730\"><img loading=\"lazy\" decoding=\"async\" class=\"alignleft wp-image-92730\" src=\"http:\/\/www.radioamateurs.news.sciencesfrance.fr\/wp-content\/uploads\/2017\/07\/TM3FFI-QSL-213x300.png\" alt=\"\" width=\"163\" height=\"230\"><\/a>&nbsp;&nbsp;&nbsp;&nbsp;Didier F6GNK, nous a inform\u00e9 que les 21, 22, 23 et 24 juillet 2017, aura lieux un \u00e9v\u00e9nement particulier au Mus\u00e9e de la R\u00e9sistance de Vassieux-en-Vercors, pr\u00e9sentation, visite, concert, soir\u00e9e cin\u00e9ma, reconstitution\u2026 Plus de renseignement : Rencontres Re\u0301sistance juillet 2017<br \/>\nDe plus, pour l\u2019occasion l\u2019indicatif sp\u00e9cial TM3FFI sera activ\u00e9 avec une valise de la r\u00e9sistance d\u2019\u00e9poque type \u00abB2\u00bb le dimanche 23 de 10h-12h. Plus d\u2019information <a href=\"http:\/\/www.adri38.fr\/vercors-les-ondes-de-la-liberte-tm3ffi\/\" target=\"_blank\"><span style=\"text-decoration: underline;\"><span style=\"color: #0000ff; text-decoration: underline;\"><strong>ICI<\/strong><\/span><\/span><\/a><span style=\"color: #000000;\"><strong>&nbsp; <\/strong>sur ADRI38<\/span><\/p>\n<\/article>\n","protected":false},"excerpt":{"rendered":"<p>TM3FFI : Vercors, les ondes de la libert\u00e9 \u00bb les 21, 22, 23 et 24\/07\/2017! &nbsp;&nbsp;&nbsp;&nbsp;Didier F6GNK, nous a inform\u00e9 que les 21, 22, 23 et 24 juillet 2017, aura lieux un \u00e9v\u00e9nement particulier au Mus\u00e9e de la R\u00e9sistance de Vassieux-en-Vercors, pr\u00e9sentation, visite, concert, soir\u00e9e cin\u00e9ma, reconstitution\u2026 Plus de renseignement : Rencontres Re\u0301sistance juillet 2017 &hellip; <a href=\"http:\/\/www.on4cn.be\/blog_radio\/2017\/07\/20\/tm3ffi\/\" class=\"more-link\">Continuer la lecture<span class=\"screen-reader-text\"> de &laquo;&nbsp;TM3FFI 21, 22, 23 et 24\/07\/2017&nbsp;&raquo;<\/span><\/a><\/p>\n","protected":false},"author":1,"featured_media":0,"comment_status":"open","ping_status":"open","sticky":false,"template":"","format":"standard","meta":{"footnotes":""},"categories":[10,24,25],"tags":[],"class_list":["post-4697","post","type-post","status-publish","format-standard","hentry","category-infos","category-trafic-radio","category-trafic-radioamatuer"],"_links":{"self":[{"href":"http:\/\/www.on4cn.be\/blog_radio\/wp-json\/wp\/v2\/posts\/4697","targetHints":{"allow":["GET"]}}],"collection":[{"href":"http:\/\/www.on4cn.be\/blog_radio\/wp-json\/wp\/v2\/posts"}],"about":[{"href":"http:\/\/www.on4cn.be\/blog_radio\/wp-json\/wp\/v2\/types\/post"}],"author":[{"embeddable":true,"href":"http:\/\/www.on4cn.be\/blog_radio\/wp-json\/wp\/v2\/users\/1"}],"replies":[{"embeddable":true,"href":"http:\/\/www.on4cn.be\/blog_radio\/wp-json\/wp\/v2\/comments?post=4697"}],"version-history":[{"count":0,"href":"http:\/\/www.on4cn.be\/blog_radio\/wp-json\/wp\/v2\/posts\/4697\/revisions"}],"wp:attachment":[{"href":"http:\/\/www.on4cn.be\/blog_radio\/wp-json\/wp\/v2\/media?parent=4697"}],"wp:term":[{"taxonomy":"category","embeddable":true,"href":"http:\/\/www.on4cn.be\/blog_radio\/wp-json\/wp\/v2\/categories?post=4697"},{"taxonomy":"post_tag","embeddable":true,"href":"http:\/\/www.on4cn.be\/blog_radio\/wp-json\/wp\/v2\/tags?post=4697"}],"curies":[{"name":"wp","href":"https:\/\/api.w.org\/{rel}","templated":true}]}}