{"id":4612,"date":"2017-07-04T06:31:20","date_gmt":"2017-07-04T05:31:20","guid":{"rendered":"http:\/\/www.on4cn.be\/blog_radio\/?p=4612"},"modified":"2017-07-04T06:31:20","modified_gmt":"2017-07-04T05:31:20","slug":"balkans-tour-by-iz7gxb","status":"publish","type":"post","link":"http:\/\/www.on4cn.be\/blog_radio\/2017\/07\/04\/balkans-tour-by-iz7gxb\/","title":{"rendered":"Balkans Tour by IZ7GXB"},"content":{"rendered":"<article class=\"article\">\n<center><strong><span style=\"color: #ff0000;\"><\/p>\n<h3>Balkans Tour by IZ7GXB<\/h3>\n<p><\/span><\/strong><\/center><\/p>\n<header><time class=\"entry-date updated td-module-date\" datetime=\"2017-07-03T20:53:42+00:00\">July 3, 2017<\/time><\/header>\n<p><center><a href=\"https:\/\/dx-world.net\/wp-content\/uploads\/2017\/07\/za-iz7gxb.jpg\" data-caption=\"\"><img loading=\"lazy\" decoding=\"async\" width=\"496\" height=\"265\" class=\"entry-thumb td-modal-image\" src=\"https:\/\/dx-world.net\/wp-content\/uploads\/2017\/07\/za-iz7gxb-696x465.jpg\" srcset=\"https:\/\/dx-world.net\/wp-content\/uploads\/2017\/07\/za-iz7gxb-696x465.jpg 696w, https:\/\/dx-world.net\/wp-content\/uploads\/2017\/07\/za-iz7gxb-300x200.jpg 300w, https:\/\/dx-world.net\/wp-content\/uploads\/2017\/07\/za-iz7gxb-768x513.jpg 768w, https:\/\/dx-world.net\/wp-content\/uploads\/2017\/07\/za-iz7gxb-629x420.jpg 629w, https:\/\/dx-world.net\/wp-content\/uploads\/2017\/07\/za-iz7gxb.jpg 800w\" sizes=\"auto, (max-width: 696px) 100vw, 696px\" alt=\"\" title=\"za-iz7gxb\"\/><\/a><\/center><\/p>\n<p>Costa, IZ7GXB informs DX-World he will be visiting and active from the Balkans during August taking in Montenegro, Albania and Macedonia. QRV as <strong>4O7GXB<\/strong>, <strong>ZA\/IZ7GXB <\/strong>&amp;<strong> Z38\/IZ7GXB. <\/strong>Focus on 6m + HF bands. More info <a href=\"https:\/\/balkanstour-iz7gxb.jimdo.com\/\" target=\"_blank\" rel=\"noopener\">here<\/a><\/p>\n<p><HR width=\"50%\"><br \/>\n<center><b><span style=\"color: #ff0000;\"><\/p>\n<h4>Version traduite en Fran\u00e7ais via Google Translate<\/h4>\n<p><\/span><\/b><\/center><br \/>\n<b><span style=\"color: #0000ff;\"> Le 03 Juillet 2017<\/span><\/b><\/p>\n<p>Costa, IZ7GXB informe DX-World il visitera et activera des Balkans lors de la mois  Ao\u00fbt au Mont\u00e9n\u00e9gro, l&rsquo;Albanie et la Mac\u00e9doine. QRV en utilisant l&rsquo;indicatif <strong>4O7GXB<\/strong>, <strong>ZA\/IZ7GXB <\/strong>&amp;<strong> Z38\/IZ7GXB. <\/strong> Concentrer sur 6 m + bandes HF. Plus d&rsquo;informations <a href=\"https:\/\/balkanstour-iz7gxb.jimdo.com\/\" target=\"_blank\" rel=\"noopener\"><b><span style=\"color: #0000ff;\"> ICI<\/span><\/b><\/a><\/p>\n<p style=\"text-align: right;\"><center><img loading=\"lazy\" decoding=\"async\" class=\"aligncenter size-full wp-image-55047\" src=\"http:\/\/www.dx-world.net\/wp-content\/uploads\/2016\/06\/we-696x394.jpg\" alt=\"DXNEWS\" width=\"104\" height=\"13\" \/>Source de l&rsquo;infos<\/center><\/p>\n<\/article>\n","protected":false},"excerpt":{"rendered":"<p>Balkans Tour by IZ7GXB July 3, 2017 Costa, IZ7GXB informs DX-World he will be visiting and active from the Balkans during August taking in Montenegro, Albania and Macedonia. QRV as 4O7GXB, ZA\/IZ7GXB &amp; Z38\/IZ7GXB. Focus on 6m + HF bands. More info here Version traduite en Fran\u00e7ais via Google Translate Le 03 Juillet 2017 Costa, &hellip; <a href=\"http:\/\/www.on4cn.be\/blog_radio\/2017\/07\/04\/balkans-tour-by-iz7gxb\/\" class=\"more-link\">Continuer la lecture<span class=\"screen-reader-text\"> de &laquo;&nbsp;Balkans Tour by IZ7GXB&nbsp;&raquo;<\/span><\/a><\/p>\n","protected":false},"author":1,"featured_media":0,"comment_status":"open","ping_status":"open","sticky":false,"template":"","format":"standard","meta":{"footnotes":""},"categories":[22,24,25],"tags":[],"class_list":["post-4612","post","type-post","status-publish","format-standard","hentry","category-infos-dx","category-trafic-radio","category-trafic-radioamatuer"],"_links":{"self":[{"href":"http:\/\/www.on4cn.be\/blog_radio\/wp-json\/wp\/v2\/posts\/4612","targetHints":{"allow":["GET"]}}],"collection":[{"href":"http:\/\/www.on4cn.be\/blog_radio\/wp-json\/wp\/v2\/posts"}],"about":[{"href":"http:\/\/www.on4cn.be\/blog_radio\/wp-json\/wp\/v2\/types\/post"}],"author":[{"embeddable":true,"href":"http:\/\/www.on4cn.be\/blog_radio\/wp-json\/wp\/v2\/users\/1"}],"replies":[{"embeddable":true,"href":"http:\/\/www.on4cn.be\/blog_radio\/wp-json\/wp\/v2\/comments?post=4612"}],"version-history":[{"count":0,"href":"http:\/\/www.on4cn.be\/blog_radio\/wp-json\/wp\/v2\/posts\/4612\/revisions"}],"wp:attachment":[{"href":"http:\/\/www.on4cn.be\/blog_radio\/wp-json\/wp\/v2\/media?parent=4612"}],"wp:term":[{"taxonomy":"category","embeddable":true,"href":"http:\/\/www.on4cn.be\/blog_radio\/wp-json\/wp\/v2\/categories?post=4612"},{"taxonomy":"post_tag","embeddable":true,"href":"http:\/\/www.on4cn.be\/blog_radio\/wp-json\/wp\/v2\/tags?post=4612"}],"curies":[{"name":"wp","href":"https:\/\/api.w.org\/{rel}","templated":true}]}}