{"id":3305,"date":"2016-12-22T08:26:47","date_gmt":"2016-12-22T07:26:47","guid":{"rendered":"http:\/\/www.on4cn.be\/blog_radio\/?p=3305"},"modified":"2016-12-22T08:26:47","modified_gmt":"2016-12-22T07:26:47","slug":"lallemagne-dlobtient-5-mhz","status":"publish","type":"post","link":"http:\/\/www.on4cn.be\/blog_radio\/2016\/12\/22\/lallemagne-dlobtient-5-mhz\/","title":{"rendered":"L&rsquo;Allemagne (DL) obtient 5 MHz!"},"content":{"rendered":"<p><center><br \/>\n<center><b><span style=\"color: #ff0000;\"><\/p>\n<h3>L&rsquo;Allemagne (DL) obtient le 5 MHz!<\/h3>\n<p><\/span><\/b><\/center><\/p>\n<p style=\"text-align: justify;\"><a href=\"http:\/\/www.radioamateurs.news.sciencesfrance.fr\/wp-content\/uploads\/2012\/11\/5MHz.jpg\"> <img loading=\"lazy\" decoding=\"async\" class=\"alignleft size-full wp-image-9114\" src=\"http:\/\/www.radioamateurs.news.sciencesfrance.fr\/wp-content\/uploads\/2012\/11\/5MHz.jpg\" alt=\"\" width=\"128\" height=\"62\"><\/a>L&rsquo;Allemagne obtient 5 MHz<br \/>\nSalut \u00e0 tous,<br \/>\nL&rsquo;autorit\u00e9 allemande de r\u00e9gulation des t\u00e9l\u00e9communications, BNetzA, a permis l&rsquo;acc\u00e8s \u00e0 la nouvelle Allocation amateur de la CMR-15 60m \u00e0 tous les licenci\u00e9s allemands de classe \u00abA\u00bb \u00e0 compter du 20 d\u00e9cembre 2016.<br \/>\nL&rsquo;allocation est de 5351,5 \u00e0 5366,5 kHz sur une base secondaire avec une puissance maximale de 15W EIRP et une bande passante maximale de 2,7 kHz. Tous les modes sont autoris\u00e9s et la soci\u00e9t\u00e9 allemande de radio amateur, DARC, recommande l&rsquo;utilisation de l&rsquo;USB et du plan de bande provisoire de la R\u00e9gion 1 de l&rsquo;IARU pour 60m.<\/p>\n<p>Notification BNetzA n \u00b0 1699\/2016:<a href=\"https:\/\/is.gd\/Gunhb3\"><span style=\"text-decoration: underline;\"><span style=\"color: #0000ff; text-decoration: underline;\"><strong>ICI<\/strong> <\/span><\/span><\/a><\/p>\n<p>DARC 5 MHz Article de nouvelles: <a href=\"http:\/\/www.darc.de\/der-club\/referate\/hf\/aktuelles\/\"><span style=\"text-decoration: underline;\"><strong><span style=\"color: #0000ff; text-decoration: underline;\">ICI<\/span><\/strong><\/span><\/a><\/p>\n<p>En allemand <a href=\"http:\/\/www.darc.de\/der-club\/referate\/hf\/aktuelles\/mand\"><span style=\"text-decoration: underline;\"><span style=\"color: #0000ff; text-decoration: underline;\"><strong>ICI<\/strong> <\/span><\/span><\/a><br \/>\n(Tnx: BNetzA, DARC, DJ8NK, W8GEX)<br \/>\n73 et Salutations saisonni\u00e8res<br \/>\nPaul Gaskell G4MWO,<br \/>\nEditeur, Le Bulletin de 5 MHz<\/p>\n<p><\/center><\/p>\n","protected":false},"excerpt":{"rendered":"<p>L&rsquo;Allemagne (DL) obtient le 5 MHz! L&rsquo;Allemagne obtient 5 MHz Salut \u00e0 tous, L&rsquo;autorit\u00e9 allemande de r\u00e9gulation des t\u00e9l\u00e9communications, BNetzA, a permis l&rsquo;acc\u00e8s \u00e0 la nouvelle Allocation amateur de la CMR-15 60m \u00e0 tous les licenci\u00e9s allemands de classe \u00abA\u00bb \u00e0 compter du 20 d\u00e9cembre 2016. L&rsquo;allocation est de 5351,5 \u00e0 5366,5 kHz sur une &hellip; <a href=\"http:\/\/www.on4cn.be\/blog_radio\/2016\/12\/22\/lallemagne-dlobtient-5-mhz\/\" class=\"more-link\">Continuer la lecture<span class=\"screen-reader-text\"> de &laquo;&nbsp;L&rsquo;Allemagne (DL) obtient 5 MHz!&nbsp;&raquo;<\/span><\/a><\/p>\n","protected":false},"author":1,"featured_media":0,"comment_status":"open","ping_status":"open","sticky":false,"template":"","format":"standard","meta":{"footnotes":""},"categories":[10,24,25],"tags":[],"class_list":["post-3305","post","type-post","status-publish","format-standard","hentry","category-infos","category-trafic-radio","category-trafic-radioamatuer"],"_links":{"self":[{"href":"http:\/\/www.on4cn.be\/blog_radio\/wp-json\/wp\/v2\/posts\/3305","targetHints":{"allow":["GET"]}}],"collection":[{"href":"http:\/\/www.on4cn.be\/blog_radio\/wp-json\/wp\/v2\/posts"}],"about":[{"href":"http:\/\/www.on4cn.be\/blog_radio\/wp-json\/wp\/v2\/types\/post"}],"author":[{"embeddable":true,"href":"http:\/\/www.on4cn.be\/blog_radio\/wp-json\/wp\/v2\/users\/1"}],"replies":[{"embeddable":true,"href":"http:\/\/www.on4cn.be\/blog_radio\/wp-json\/wp\/v2\/comments?post=3305"}],"version-history":[{"count":0,"href":"http:\/\/www.on4cn.be\/blog_radio\/wp-json\/wp\/v2\/posts\/3305\/revisions"}],"wp:attachment":[{"href":"http:\/\/www.on4cn.be\/blog_radio\/wp-json\/wp\/v2\/media?parent=3305"}],"wp:term":[{"taxonomy":"category","embeddable":true,"href":"http:\/\/www.on4cn.be\/blog_radio\/wp-json\/wp\/v2\/categories?post=3305"},{"taxonomy":"post_tag","embeddable":true,"href":"http:\/\/www.on4cn.be\/blog_radio\/wp-json\/wp\/v2\/tags?post=3305"}],"curies":[{"name":"wp","href":"https:\/\/api.w.org\/{rel}","templated":true}]}}