{"id":23891,"date":"2026-09-05T08:01:58","date_gmt":"2026-09-05T06:01:58","guid":{"rendered":"http:\/\/www.on4cn.be\/blog_radio\/?p=23891"},"modified":"2026-09-05T08:01:58","modified_gmt":"2026-09-05T06:01:58","slug":"information-pj2-k5sl-curacao-is","status":"publish","type":"post","link":"http:\/\/www.on4cn.be\/blog_radio\/2026\/09\/05\/information-pj2-k5sl-curacao-is\/","title":{"rendered":"Information PJ2\/K5SL, Cura\u00e7ao Is."},"content":{"rendered":"<article class=\"article\">\n<center><b><span style=\"color: #0000ff;\">Article traduite en Fran\u00e7ais via Google Translate<\/b><\/span><\/center><br \/> <br \/>\n<center><strong><span style=\"color: #ff0000;\"><\/p>\n<h2>Information PJ2\/K5SL, Cura\u00e7ao Is.<\/h2>\n<p><\/span><\/strong><\/center><\/p>\n<p style=\"text-align: center;\"><img loading=\"lazy\" decoding=\"async\" src=\"https:\/\/blogger.googleusercontent.com\/img\/b\/R29vZ2xl\/AVvXsEhCY2lunoyeQeXJwa9fTco7mqZSEG9jO-17GxYHa0IXZjFogjokjZzIdq5OeY4s2aTTdaC1SOIE-ijpSTv7Wlemp6lUzCkGa8rWYwGOHUM7HawpB65cRSXq0f13RoMQMehD_sXW-J7dJhgtU38MujlShCGx95u5zJdg0Lnn2KnybApZqISEvTwF\/s1600\/pj2.png\" alt=\"PJ2\/K5SL, Cura\u00e7ao Is.\" width=\"600\" height=\"400\" \/><\/p>\n<p><b>Le 04 Septembre 2026<\/b><\/p>\n<p>Du 18 au 26 septembre 2026, Randy sera actif depuis l&rsquo;\u00eele de Cura\u00e7ao sous l&rsquo;indicatif <strong>PJ2\/K5SL<\/strong>. Il sera QRV sur les bandes de 17 \u00e0 40 m\u00e8tres, exclusivement en CW, principalement le matin et en fin d&rsquo;apr\u00e8s-midi.<\/p>\n<p>QSL via K5SL.<\/p>\n<p style=\"text-align: justify;\">73, &#8211; Claude ON4CN<\/p>\n<p style=\"text-align: justify;\">Info de la Source de EA1CS <a href=\"http:\/\/ea1cs.blogspot.com\/\" target=\"_blank\"><b><span style=\"color: #ff0000;\"> ICI<\/span><\/b><\/a><\/p>\n<\/article>\n","protected":false},"excerpt":{"rendered":"<p>Article traduite en Fran\u00e7ais via Google Translate Information PJ2\/K5SL, Cura\u00e7ao Is. Le 04 Septembre 2026 Du 18 au 26 septembre 2026, Randy sera actif depuis l&rsquo;\u00eele de Cura\u00e7ao sous l&rsquo;indicatif PJ2\/K5SL. Il sera QRV sur les bandes de 17 \u00e0 40 m\u00e8tres, exclusivement en CW, principalement le matin et en fin d&rsquo;apr\u00e8s-midi. QSL via K5SL. &hellip; <a href=\"http:\/\/www.on4cn.be\/blog_radio\/2026\/09\/05\/information-pj2-k5sl-curacao-is\/\" class=\"more-link\">Continuer la lecture<span class=\"screen-reader-text\"> de &laquo;&nbsp;Information PJ2\/K5SL, Cura\u00e7ao Is.&nbsp;&raquo;<\/span><\/a><\/p>\n","protected":false},"author":1,"featured_media":0,"comment_status":"open","ping_status":"open","sticky":false,"template":"","format":"standard","meta":{"footnotes":""},"categories":[11,22,24,25],"tags":[],"class_list":["post-23891","post","type-post","status-publish","format-standard","hentry","category-dx","category-infos-dx","category-trafic-radio","category-trafic-radioamatuer"],"_links":{"self":[{"href":"http:\/\/www.on4cn.be\/blog_radio\/wp-json\/wp\/v2\/posts\/23891","targetHints":{"allow":["GET"]}}],"collection":[{"href":"http:\/\/www.on4cn.be\/blog_radio\/wp-json\/wp\/v2\/posts"}],"about":[{"href":"http:\/\/www.on4cn.be\/blog_radio\/wp-json\/wp\/v2\/types\/post"}],"author":[{"embeddable":true,"href":"http:\/\/www.on4cn.be\/blog_radio\/wp-json\/wp\/v2\/users\/1"}],"replies":[{"embeddable":true,"href":"http:\/\/www.on4cn.be\/blog_radio\/wp-json\/wp\/v2\/comments?post=23891"}],"version-history":[{"count":1,"href":"http:\/\/www.on4cn.be\/blog_radio\/wp-json\/wp\/v2\/posts\/23891\/revisions"}],"predecessor-version":[{"id":23892,"href":"http:\/\/www.on4cn.be\/blog_radio\/wp-json\/wp\/v2\/posts\/23891\/revisions\/23892"}],"wp:attachment":[{"href":"http:\/\/www.on4cn.be\/blog_radio\/wp-json\/wp\/v2\/media?parent=23891"}],"wp:term":[{"taxonomy":"category","embeddable":true,"href":"http:\/\/www.on4cn.be\/blog_radio\/wp-json\/wp\/v2\/categories?post=23891"},{"taxonomy":"post_tag","embeddable":true,"href":"http:\/\/www.on4cn.be\/blog_radio\/wp-json\/wp\/v2\/tags?post=23891"}],"curies":[{"name":"wp","href":"https:\/\/api.w.org\/{rel}","templated":true}]}}