{"id":23876,"date":"2026-09-01T07:15:12","date_gmt":"2026-09-01T05:15:12","guid":{"rendered":"http:\/\/www.on4cn.be\/blog_radio\/?p=23876"},"modified":"2026-09-01T07:15:12","modified_gmt":"2026-09-01T05:15:12","slug":"information-j38dx-y-j38ld-grenada-island","status":"publish","type":"post","link":"http:\/\/www.on4cn.be\/blog_radio\/2026\/09\/01\/information-j38dx-y-j38ld-grenada-island\/","title":{"rendered":"Information J38DX y J38LD, Grenada Island"},"content":{"rendered":"<article class=\"article\">\n<center><b><span style=\"color: #0000ff;\">Article traduite en Fran\u00e7ais via Google Translate<\/b><\/span><\/center><br \/> <br \/>\n<center><strong><span style=\"color: #ff0000;\"><\/p>\n<h2>Information J38DX y J38LD, Grenada Island<\/h2>\n<p><\/span><\/strong><\/center><\/p>\n<p style=\"text-align: center;\"><img loading=\"lazy\" decoding=\"async\" src=\"https:\/\/blogger.googleusercontent.com\/img\/b\/R29vZ2xl\/AVvXsEj6-Q58OFINDBbP-_o5KTRoKkAKTYDmVqgPFq60Bk8V5SiWJOfTpyt0l0pTPiA8E2fOSbPBWh409yAFlHyW4NVuBRzm1OGFks5XigpDioXig9dRR84u3xiVajZwe_09NglzdqBZrtxdo-pAKlb72NNIr-ij3zF3D398y9EIe3Vvh5s9POJQIgMH\/w640-h640\/11zon_cropped%20(2).png\" alt=\"J38DX y J38LD, Grenada Island\" width=\"400\" height=\"400\" \/><\/p>\n<p><b>Le <sup>1er<\/sup> Septembre 2026<\/b><\/p>\n<p style=\"text-align: justify;\"><b>( Charles &#8211; M0OXO \/ 28 AVRIL 2026 )<\/b><\/p>\n<p style=\"text-align: justify;\">Graham &#8211; MM8IJU et Eric &#8211; GM5RDX seront \u00e0 nouveau actifs cette ann\u00e9e depuis la Grenade. Eric op\u00e9rera sous l&rsquo;indicatif <b>J38DX<\/b> et Graham sous <b>J38LD<\/b>. Il s&rsquo;agit de la troisi\u00e8me fois qu&rsquo;Eric op\u00e8re depuis la Grenade et de la deuxi\u00e8me fois pour Graham.<\/p>\n<p style=\"text-align: justify;\">Ils seront actifs du 1er au 12 septembre sur les bandes de 80 m \u00e0 6 m, en SSB et FT4\/8.<\/p>\n<p style=\"text-align: justify;\">Les cartes QSL seront g\u00e9r\u00e9es par Charles M0OXO, et les logs seront t\u00e9l\u00e9charg\u00e9s quotidiennement sur LoTW et QRZ.com.<\/p>\n<p style=\"text-align: center;\"><b>( DX INFO \/ 27 JUILLET 2025 )<\/b><\/p>\n<p style=\"text-align: justify;\">Les impressions laiss\u00e9es par leur pr\u00e9c\u00e9dente op\u00e9ration depuis la Grenade ayant \u00e9t\u00e9 tr\u00e8s bonnes, Eric &#8211; GM5RDX et Graham &#8211; 2M0IJU seront \u00e0 nouveau actifs sous les indicatifs <b>J38DX<\/b> et <b>J38LD<\/b>, respectivement, depuis une cabane situ\u00e9e sur une falaise \u00e0 l&rsquo;extr\u00e9mit\u00e9 sud de l&rsquo;\u00eele de la Grenade (NA-024), du 8 au 15 octobre 2025.<\/p>\n<p style=\"text-align: justify;\">Ils seront \u00e0 nouveau QRV de 6 \u00e0 80 m en SSB et un peu en FT8. Ils utiliseront \u00e0 nouveau des antennes verticales et des dip\u00f4les. Les \u00e9metteurs utilis\u00e9s cette fois-ci n&rsquo;ont pas encore \u00e9t\u00e9 d\u00e9finis.<\/p>\n<p style=\"text-align: justify;\">QSL via OQRS M0OXO.<\/p>\n<p style=\"text-align: center;\"><b>( Eric &#8211; GM5RDX \/ 4 JUILLET 2025 )<\/b><\/p>\n<p style=\"text-align: justify;\">Les \u00e9missions d\u00e9buteront en d\u00e9but d&rsquo;apr\u00e8s-midi le 5 juillet 2025 (heure locale) et dureront 9 jours. Les op\u00e9rations se d\u00e9rouleront de 80 m \u00e0 6 m, en SSB et FT8. Nous aurons la possibilit\u00e9 d&rsquo;avoir deux stations fonctionnant simultan\u00e9ment, en SSB et en FT8.<\/p>\n<p style=\"text-align: center;\"><b>( DX INFO \/ 21 JUIN 2025 )<\/b><\/p>\n<p style=\"text-align: left;\">Eric &#8211; GM5RDX m&rsquo;envoie les informations suivantes :<\/p>\n<p style=\"text-align: justify;\">En juillet 2024, j&rsquo;ai r\u00e9alis\u00e9 ce que je consid\u00e8re comme une exp\u00e9dition DX en solitaire tr\u00e8s r\u00e9ussie sur trois \u00eeles des Cara\u00efbes : Saint-Martin, Anguilla et Saint-Christophe. C&rsquo;\u00e9tait la premi\u00e8re fois que j&rsquo;op\u00e9rais en radioamateur \u00e0 l&rsquo;\u00e9tranger et j&rsquo;ai \u00e9norm\u00e9ment appr\u00e9ci\u00e9 cette exp\u00e9rience. Je ne suis pas novice en mati\u00e8re de voyages longue distance en solitaire ; cependant, je pensais qu&#8217;emmener un autre radioamateur avec moi la prochaine fois rendrait l&rsquo;exp\u00e9rience encore plus agr\u00e9able.<\/p>\n<p style=\"text-align: justify;\">Depuis mon voyage de 2024, je r\u00e9fl\u00e9chissais \u00e0 la prochaine destination \u00e0 visiter. Un compagnon radioamateur du Paisley Amateur Radio Club, Graham 2M0IJU, avait suivi de pr\u00e8s le voyage de l&rsquo;ann\u00e9e derni\u00e8re et souhaitait vivement participer \u00e0 de futures exp\u00e9ditions. Graham et moi nous entendons bien et avons de nombreux centres d&rsquo;int\u00e9r\u00eat communs. R\u00e9cemment, nous avons op\u00e9r\u00e9 ensemble en mobile a\u00e9ronautique lors d&rsquo;un vol de Glasgow \u00e0 l&rsquo;\u00eele d&rsquo;Islay et retour, Graham aux commandes de l&rsquo;avion et moi aux transmissions FM en 2 m. Pour faire avancer le projet d&rsquo;exp\u00e9dition, j&rsquo;ai contact\u00e9 plusieurs autorit\u00e9s charg\u00e9es des licences dans les Cara\u00efbes et nombre d&rsquo;entre elles ont volontiers accept\u00e9 la licence interm\u00e9diaire britannique de Graham comme suffisante pour lui accorder une licence radioamateur locale et un indicatif. Elles consid\u00e8rent cette licence comme \u00e9tant d&rsquo;un niveau similaire \u00e0 la licence g\u00e9n\u00e9rale am\u00e9ricaine.<\/p>\n<p style=\"text-align: justify;\">Avec cette approbation de principe concernant la licence de Graham, nous avons d\u00e9cid\u00e9 que notre voyage, pr\u00e9vu pour juillet 2025, aurait bien lieu. De nombreuses \u00eeles des Cara\u00efbes b\u00e9n\u00e9ficient de bonnes liaisons a\u00e9riennes britanniques au d\u00e9part de Londres. Nous avons choisi notre destination en fonction de nos possibilit\u00e9s de d\u00e9placement, de la facilit\u00e9 d&rsquo;obtention des licences radio et de la raret\u00e9 de notre pays de destination sur les bandes radioamateurs.<\/p>\n<p style=\"text-align: justify;\">La Grenade b\u00e9n\u00e9ficie de vols British Airways deux ou trois fois par semaine au d\u00e9part de Londres Gatwick, avec une courte escale \u00e0 Sainte-Lucie \u00e0 l&rsquo;aller comme au retour. Graham et moi disposons tous deux de nombreux miles a\u00e9riens, ce qui a facilit\u00e9 l&rsquo;organisation du voyage.<\/p>\n<p style=\"text-align: justify;\">Nous arriverons \u00e0 la Grenade le 5 juillet et repartirons le 14. Une maison de deux chambres avec un bel espace ext\u00e9rieur, situ\u00e9e sur une falaise au sud de l&rsquo;\u00eele, a \u00e9t\u00e9 s\u00e9lectionn\u00e9e et r\u00e9serv\u00e9e. Les demandes de licence ont \u00e9t\u00e9 soumises \u00e0 l&rsquo;autorit\u00e9 comp\u00e9tente (NTRC) et ont \u00e9t\u00e9 approuv\u00e9es. <b>J38DX<\/b> m&rsquo;a \u00e9t\u00e9 attribu\u00e9 et <b>J38LD<\/b> \u00e0 Graham. Les d\u00e9cisions finales concernant le mat\u00e9riel seront prises prochainement, mais nous ajouterons des transmissions FT8 au programme de cette ann\u00e9e, m\u00eame si la majorit\u00e9 des \u00e9missions resteront en phonie. Nous utiliserons plusieurs antennes verticales et des dip\u00f4les. Les \u00e9metteurs ne sont pas encore d\u00e9finis, mais nous serons en mesure d&rsquo;op\u00e9rer sur toutes les bandes radioamateurs, de 80 m \u00e0 6 m, avec une puissance allant jusqu&rsquo;\u00e0 100 W.<\/p>\n<p style=\"text-align: center;\"><a href=\"https:\/\/blogger.googleusercontent.com\/img\/b\/R29vZ2xl\/AVvXsEiSJA_uzLhmkFxHLbaAEyN07IL_crxxsR2vE9tcaS3BGJrENiIX5UyK-Ep7-JNZHh5JxIXmcpYqOSTXBjtbzDbM-8WVFT5KT71uGZU-f1Enw5YwymL_w7DXDqynOmlO1kMldZ_pB5k2mvtZTCSjXJFrUtRxhipgWSbw8Cz1tLEJT1lRqrK9FU4P\/s1199\/j38dx%203.jpg\" style=\"margin-left: 1em; margin-right: 1em;\"><br \/>\n<img loading=\"lazy\" decoding=\"async\" border=\"0\" height=\"400\" width=\"600\" src=\"https:\/\/blogger.googleusercontent.com\/img\/b\/R29vZ2xl\/AVvXsEiSJA_uzLhmkFxHLbaAEyN07IL_crxxsR2vE9tcaS3BGJrENiIX5UyK-Ep7-JNZHh5JxIXmcpYqOSTXBjtbzDbM-8WVFT5KT71uGZU-f1Enw5YwymL_w7DXDqynOmlO1kMldZ_pB5k2mvtZTCSjXJFrUtRxhipgWSbw8Cz1tLEJT1lRqrK9FU4P\/s16000\/j38dx%203.jpg\"><\/a><\/p>\n<p style=\"text-align: center;\"><b>( Eric &#8211; GM5RDX \/ 13 F\u00c9VRIER 2025 )<\/b><\/p>\n<p style=\"text-align: justify;\">Nous op\u00e9rerons depuis la Grenade au d\u00e9but du mois de juillet 2025. <b>J38DX<\/b> m&rsquo;a \u00e9t\u00e9 attribu\u00e9 et Graham op\u00e9rera sous <b>J38LD<\/b>. Nous serons principalement QRV en SSB, mais \u00e9galement avec quelques transmissions FT8.<\/p>\n<p style=\"text-align: justify;\">Nous serons install\u00e9s dans une maison situ\u00e9e sur une falaise au sud de l&rsquo;\u00eele, du 5 au 13 juillet 2025. Nous utiliserons plusieurs dip\u00f4les et antennes verticales filaires. Les \u00e9metteurs ne sont pas encore d\u00e9finis pour le moment, mais nous aurons la possibilit\u00e9 d&rsquo;op\u00e9rer sur toutes les bandes radioamateurs, de 80 m \u00e0 10 m, avec 100 W.<\/p>\n<p style=\"text-align: justify;\">QSL via OQRS M0OXO (pour les deux op\u00e9rateurs), QRZ.com Logbook, LoTW, eQSL et Club Log.<\/p>\n<p style=\"text-align: justify;\"><a href=\"https:\/\/blogger.googleusercontent.com\/img\/b\/R29vZ2xl\/AVvXsEgMtGKy7QM62dwx6fl8s4q9eyiDXYc8KH88tC9hhl4QiWuuImLqj8HB02HNjIMnkIPNrdwDRligKp145RRAXx6d3ELmlKK3CuFdeaniLnaWJcuXUjflprEiEwr78P5Ry-XHVoM6NFYb9k3-B4kgmXoYqiEI_dSYfZlDXkjTZj5r1KPeE2OPSuwl\/s1200\/j38ld%20logo.jpg\" style=\"clear: right; display: inline; float: right; margin-bottom: 1em; margin-left: 1em; text-align: center;\"><br \/>\n<img loading=\"lazy\" decoding=\"async\" border=\"0\" data-original-height=\"1200\" data-original-width=\"1200\" height=\"200\" src=\"https:\/\/blogger.googleusercontent.com\/img\/b\/R29vZ2xl\/AVvXsEgMtGKy7QM62dwx6fl8s4q9eyiDXYc8KH88tC9hhl4QiWuuImLqj8HB02HNjIMnkIPNrdwDRligKp145RRAXx6d3ELmlKK3CuFdeaniLnaWJcuXUjflprEiEwr78P5Ry-XHVoM6NFYb9k3-B4kgmXoYqiEI_dSYfZlDXkjTZj5r1KPeE2OPSuwl\/w200-h200\/j38ld%20logo.jpg\" width=\"200\"><br \/>\n<\/a><\/p>\n<p><a href=\"https:\/\/blogger.googleusercontent.com\/img\/b\/R29vZ2xl\/AVvXsEh00rcgMriERdYb4PHneBCIyRDLb5-EZFXUZ2QZWVb92IZGJrbLspzo7ISHAapWAmefA-_Sg-TcpOffRB8z6ABr2dADUuPY7aeOHZz9rU_ULu5fUoZQtdjtgmK3Z2RDXefdt_iZ97p-c1QT2ggPFvgAlkkKi80PadFr4xdlqiaJYcpC4jtVlH9M\/s1199\/j38dx%20logo.jpg\" style=\"clear: left; display: inline; margin-bottom: 1em; margin-right: 1em; text-align: center;\"><br \/>\n<img loading=\"lazy\" decoding=\"async\" border=\"0\" data-original-height=\"600\" data-original-width=\"1199\" height=\"200\" src=\"https:\/\/blogger.googleusercontent.com\/img\/b\/R29vZ2xl\/AVvXsEh00rcgMriERdYb4PHneBCIyRDLb5-EZFXUZ2QZWVb92IZGJrbLspzo7ISHAapWAmefA-_Sg-TcpOffRB8z6ABr2dADUuPY7aeOHZz9rU_ULu5fUoZQtdjtgmK3Z2RDXefdt_iZ97p-c1QT2ggPFvgAlkkKi80PadFr4xdlqiaJYcpC4jtVlH9M\/w200-h200\/j38dx%20logo.jpg\" width=\"200\"><\/a><\/p>\n<p style=\"text-align: justify;\">73, &#8211; Claude ON4CN<\/p>\n<p style=\"text-align: justify;\">Info de la Source de EA1CS <a href=\"http:\/\/ea1cs.blogspot.com\/\" target=\"_blank\"><b><span style=\"color: #ff0000;\"> ICI<\/span><\/b><\/a><\/p>\n<\/article>\n","protected":false},"excerpt":{"rendered":"<p>Article traduite en Fran\u00e7ais via Google Translate Information J38DX y J38LD, Grenada Island Le 1er Septembre 2026 ( Charles &#8211; M0OXO \/ 28 AVRIL 2026 ) Graham &#8211; MM8IJU et Eric &#8211; GM5RDX seront \u00e0 nouveau actifs cette ann\u00e9e depuis la Grenade. Eric op\u00e9rera sous l&rsquo;indicatif J38DX et Graham sous J38LD. Il s&rsquo;agit de la &hellip; <a href=\"http:\/\/www.on4cn.be\/blog_radio\/2026\/09\/01\/information-j38dx-y-j38ld-grenada-island\/\" class=\"more-link\">Continuer la lecture<span class=\"screen-reader-text\"> de &laquo;&nbsp;Information J38DX y J38LD, Grenada Island&nbsp;&raquo;<\/span><\/a><\/p>\n","protected":false},"author":1,"featured_media":0,"comment_status":"open","ping_status":"open","sticky":false,"template":"","format":"standard","meta":{"footnotes":""},"categories":[11,22,24,25],"tags":[],"class_list":["post-23876","post","type-post","status-publish","format-standard","hentry","category-dx","category-infos-dx","category-trafic-radio","category-trafic-radioamatuer"],"_links":{"self":[{"href":"http:\/\/www.on4cn.be\/blog_radio\/wp-json\/wp\/v2\/posts\/23876","targetHints":{"allow":["GET"]}}],"collection":[{"href":"http:\/\/www.on4cn.be\/blog_radio\/wp-json\/wp\/v2\/posts"}],"about":[{"href":"http:\/\/www.on4cn.be\/blog_radio\/wp-json\/wp\/v2\/types\/post"}],"author":[{"embeddable":true,"href":"http:\/\/www.on4cn.be\/blog_radio\/wp-json\/wp\/v2\/users\/1"}],"replies":[{"embeddable":true,"href":"http:\/\/www.on4cn.be\/blog_radio\/wp-json\/wp\/v2\/comments?post=23876"}],"version-history":[{"count":1,"href":"http:\/\/www.on4cn.be\/blog_radio\/wp-json\/wp\/v2\/posts\/23876\/revisions"}],"predecessor-version":[{"id":23877,"href":"http:\/\/www.on4cn.be\/blog_radio\/wp-json\/wp\/v2\/posts\/23876\/revisions\/23877"}],"wp:attachment":[{"href":"http:\/\/www.on4cn.be\/blog_radio\/wp-json\/wp\/v2\/media?parent=23876"}],"wp:term":[{"taxonomy":"category","embeddable":true,"href":"http:\/\/www.on4cn.be\/blog_radio\/wp-json\/wp\/v2\/categories?post=23876"},{"taxonomy":"post_tag","embeddable":true,"href":"http:\/\/www.on4cn.be\/blog_radio\/wp-json\/wp\/v2\/tags?post=23876"}],"curies":[{"name":"wp","href":"https:\/\/api.w.org\/{rel}","templated":true}]}}