{"id":23866,"date":"2026-08-31T07:04:28","date_gmt":"2026-08-31T05:04:28","guid":{"rendered":"http:\/\/www.on4cn.be\/blog_radio\/?p=23866"},"modified":"2026-08-31T07:04:28","modified_gmt":"2026-08-31T05:04:28","slug":"information-xr0z-alexander-selkirk-is-sa-101","status":"publish","type":"post","link":"http:\/\/www.on4cn.be\/blog_radio\/2026\/08\/31\/information-xr0z-alexander-selkirk-is-sa-101\/","title":{"rendered":"Information XR0Z, Alexander Selkirk Is. \/ SA-101"},"content":{"rendered":"<article class=\"article\">\n<center><b><span style=\"color: #0000ff;\">Article traduite en Fran\u00e7ais via Google Translate<\/b><\/span><\/center><br \/> <br \/>\n<center><strong><span style=\"color: #ff0000;\"><\/p>\n<h2>Information XR0Z, Alexander Selkirk Is. \/ SA-101<\/h2>\n<p><\/span><\/strong><\/center><\/p>\n<p style=\"text-align: center;\"><img loading=\"lazy\" decoding=\"async\" src=\"https:\/\/blogger.googleusercontent.com\/img\/b\/R29vZ2xl\/AVvXsEioXVnKFSgja1dbQJYQ9u-CJSGLytkAlkUqlpUqU3yaQerDCTXbJo1iF6HjXe4eAiuz00MMOBbrYr5KvyF6jQP3nV1Htxk7-ajzQKUw1TXkDqHnzFGKsbgMwwQqsjrnoED_kdFrZPYqLJyx1lRQOzYB4bUvSMYaGXzTXQj_tAW4E9nTI3INFZXA\/s1600\/xr0z%20foto.png\" alt=\"XR0Z, Alexander Selkirk Is. \/ SA-101\" width=\"600\" height=\"400\" \/><\/p>\n<p><b>Le 30 Ao\u00fbt 2026<\/b><\/p>\n<p style=\"text-align: left;\"><b>( Felipe &#8211; XQ7IR \/ 29 AO\u00dbT 2026 )<\/b><\/p>\n<p style=\"text-align: justify;\">En d\u00e9but de semaine, nous avons eu une r\u00e9union sur Zoom avec le garde du parc d\u2019Alexander Selkirk et des repr\u00e9sentants des p\u00eacheurs de l\u2019\u00eele.<\/p>\n<p style=\"text-align: justify;\">L\u2019objectif de la r\u00e9union \u00e9tait de poursuivre la planification de la logistique n\u00e9cessaire pour transporter notre mat\u00e9riel d\u2019exp\u00e9dition de l\u2019\u00eele Robinson Crusoe (IOTA SA-005) vers l\u2019\u00eele Alexander Selkirk (IOTA SA-101).<\/p>\n<p style=\"text-align: justify;\">Le transport de tout notre mat\u00e9riel jusqu\u2019\u00e0 Selkirk sera l\u2019un des plus grands d\u00e9fis logistiques de cette exp\u00e9dition, compte tenu de l\u2019\u00e9loignement de l\u2019\u00eele et de son terrain difficile.<\/p>\n<p style=\"text-align: justify;\">Un deuxi\u00e8me chargement de l\u2019exp\u00e9dition a d\u00e9j\u00e0 \u00e9t\u00e9 envoy\u00e9 au port de Valpara\u00edso. Ce premier envoi comprend des provisions alimentaires non p\u00e9rissables, ainsi qu\u2019une partie du mat\u00e9riel de camping dont nous aurons besoin pendant notre s\u00e9jour de 10 \u00e0 12 jours au refuge.<\/p>\n<p style=\"text-align: justify;\">Nous avons \u00e9galement inclus une antenne VHF pour la bande marine ainsi que 20 m\u00e8tres de c\u00e2ble coaxial Belden 9913 avec les connecteurs n\u00e9cessaires. Nous installerons cet \u00e9quipement \u00e0 notre arriv\u00e9e \u00e0 Selkirk, puis nous le donnerons aux p\u00eacheurs locaux.<\/p>\n<p style=\"text-align: justify;\">Cette contribution contribuera \u00e0 am\u00e9liorer leur syst\u00e8me de communication VHF et facilitera sans aucun doute les communications entre la base de l\u2019\u00eele et les bateaux de p\u00eache pendant la saison de p\u00eache.<\/p>\n<p style=\"text-align: justify;\">Mois\u00e9s &#8211; CE3VTZ et moi avons d\u00e9cid\u00e9 de faire don de cet \u00e9quipement de communication comme un petit geste de remerciement pour l\u2019aide consid\u00e9rable, la coop\u00e9ration et le soutien logistique que nous avons re\u00e7us des p\u00eacheurs de l\u2019\u00eele et de la communaut\u00e9 locale pour acheminer notre chargement d\u2019exp\u00e9dition jusqu\u2019\u00e0 Alexander Selkirk.<\/p>\n<p style=\"text-align: justify;\">Il reste encore plusieurs articles importants \u00e0 acheter et \u00e0 exp\u00e9dier avant notre d\u00e9part. Parmi eux figure une antenne \u00e0 3 \u00e9l\u00e9ments pour la bande des 6 m\u00e8tres, que Mois\u00e9s, CE3VTZ, est actuellement en train de construire.<\/p>\n<p style=\"text-align: justify;\">Nous devons \u00e9galement acheter et exp\u00e9dier du mat\u00e9riel de camping suppl\u00e9mentaire, de l\u2019eau potable et d\u2019autres fournitures personnelles n\u00e9cessaires \u00e0 notre op\u00e9ration.<\/p>\n<p style=\"text-align: justify;\">Pour cette raison, nous souhaitons lancer un appel particulier \u00e0 tous les chasseurs d\u2019IOTA, DXers, clubs et amis du monde entier qui souhaiteraient nous aider \u00e0 achever la derni\u00e8re \u00e9tape de la logistique de cette exp\u00e9dition.<\/p>\n<p style=\"text-align: justify;\">Toute contribution, quelle que soit son importance, sera grandement appr\u00e9ci\u00e9e et nous aidera directement \u00e0 concr\u00e9tiser cette exp\u00e9dition radioamateur.<\/p>\n<p style=\"text-align: justify;\">Nous souhaitons \u00e9galement exprimer nos sinc\u00e8res remerciements aux groupes de radioamateurs, fondations, clubs et organisations qui ont d\u00e9j\u00e0 d\u00e9cid\u00e9 de soutenir cette exp\u00e9dition.<\/p>\n<p style=\"text-align: justify;\">Nous sommes profond\u00e9ment reconnaissants de la confiance qu\u2019ils ont accord\u00e9e \u00e0 notre projet.<\/p>\n<p style=\"text-align: justify;\">73<\/p>\n<p style=\"text-align: justify;\">Felipe XQ7IR et Mois\u00e9s CE3VTZ<\/p>\n<p style=\"text-align: justify;\">XR0Z Alexander, \u00eele Selkirk<\/p>\n<p style=\"text-align: justify;\">\u00c9quipe IOTA SA-101<\/p>\n<ul style=\"background-color: #cccccc; font-family: &quot;Times New Roman&quot;, Times, FreeSerif, serif; font-size: 18.7px; line-height: 1.4; margin: 0.5em 0px; padding: 0px 2.5em;\">\n<li><a href=\"https:\/\/ea1cs.blogspot.com\/2026\/04\/xr0z-alejandro-selkirk-is-sa-101.html\" target=\"_blank\"><span style=\"color: #ff0000;\"><b>Continuer la lecture &#8212;&#187; ICI<\/b><\/span><\/a><\/li>\n<\/ul>\n<p style=\"text-align: justify;\">73, &#8211; Claude ON4CN<\/p>\n<p style=\"text-align: justify;\">Info de la Source de EA1CS <a href=\"http:\/\/ea1cs.blogspot.com\/\" target=\"_blank\"><b><span style=\"color: #ff0000;\"> ICI<\/span><\/b><\/a><\/p>\n<\/article>\n","protected":false},"excerpt":{"rendered":"<p>Article traduite en Fran\u00e7ais via Google Translate Information XR0Z, Alexander Selkirk Is. \/ SA-101 Le 30 Ao\u00fbt 2026 ( Felipe &#8211; XQ7IR \/ 29 AO\u00dbT 2026 ) En d\u00e9but de semaine, nous avons eu une r\u00e9union sur Zoom avec le garde du parc d\u2019Alexander Selkirk et des repr\u00e9sentants des p\u00eacheurs de l\u2019\u00eele. L\u2019objectif de la &hellip; <a href=\"http:\/\/www.on4cn.be\/blog_radio\/2026\/08\/31\/information-xr0z-alexander-selkirk-is-sa-101\/\" class=\"more-link\">Continuer la lecture<span class=\"screen-reader-text\"> de &laquo;&nbsp;Information XR0Z, Alexander Selkirk Is. \/ SA-101&nbsp;&raquo;<\/span><\/a><\/p>\n","protected":false},"author":1,"featured_media":0,"comment_status":"open","ping_status":"open","sticky":false,"template":"","format":"standard","meta":{"footnotes":""},"categories":[11,21,22,17,24,25],"tags":[],"class_list":["post-23866","post","type-post","status-publish","format-standard","hentry","category-dx","category-dxpedition","category-infos-dx","category-iota","category-trafic-radio","category-trafic-radioamatuer"],"_links":{"self":[{"href":"http:\/\/www.on4cn.be\/blog_radio\/wp-json\/wp\/v2\/posts\/23866","targetHints":{"allow":["GET"]}}],"collection":[{"href":"http:\/\/www.on4cn.be\/blog_radio\/wp-json\/wp\/v2\/posts"}],"about":[{"href":"http:\/\/www.on4cn.be\/blog_radio\/wp-json\/wp\/v2\/types\/post"}],"author":[{"embeddable":true,"href":"http:\/\/www.on4cn.be\/blog_radio\/wp-json\/wp\/v2\/users\/1"}],"replies":[{"embeddable":true,"href":"http:\/\/www.on4cn.be\/blog_radio\/wp-json\/wp\/v2\/comments?post=23866"}],"version-history":[{"count":1,"href":"http:\/\/www.on4cn.be\/blog_radio\/wp-json\/wp\/v2\/posts\/23866\/revisions"}],"predecessor-version":[{"id":23867,"href":"http:\/\/www.on4cn.be\/blog_radio\/wp-json\/wp\/v2\/posts\/23866\/revisions\/23867"}],"wp:attachment":[{"href":"http:\/\/www.on4cn.be\/blog_radio\/wp-json\/wp\/v2\/media?parent=23866"}],"wp:term":[{"taxonomy":"category","embeddable":true,"href":"http:\/\/www.on4cn.be\/blog_radio\/wp-json\/wp\/v2\/categories?post=23866"},{"taxonomy":"post_tag","embeddable":true,"href":"http:\/\/www.on4cn.be\/blog_radio\/wp-json\/wp\/v2\/tags?post=23866"}],"curies":[{"name":"wp","href":"https:\/\/api.w.org\/{rel}","templated":true}]}}