{"id":23250,"date":"2026-04-28T07:53:51","date_gmt":"2026-04-28T05:53:51","guid":{"rendered":"http:\/\/www.on4cn.be\/blog_radio\/?p=23250"},"modified":"2026-04-28T07:53:51","modified_gmt":"2026-04-28T05:53:51","slug":"information-gb9iow-wight-island-eu-120","status":"publish","type":"post","link":"http:\/\/www.on4cn.be\/blog_radio\/2026\/04\/28\/information-gb9iow-wight-island-eu-120\/","title":{"rendered":"Information GB9IOW, Wight Island \/ EU-120"},"content":{"rendered":"<article class=\"article\">\n<center><b><span style=\"color: #0000ff;\">Article traduite en Fran\u00e7ais via Google Translate<\/b><\/span><\/center><br \/> <br \/>\n<center><strong><span style=\"color: #ff0000;\"><\/p>\n<h2>Information GB9IOW, Wight Island \/ EU-120<\/h2>\n<p><\/span><\/strong><\/center><\/p>\n<p style=\"text-align: center;\"><img loading=\"lazy\" decoding=\"async\" src=\"https:\/\/blogger.googleusercontent.com\/img\/b\/R29vZ2xl\/AVvXsEgs3-nsMMgxicOLi5Q1kfWh_EYS7xLgUUSsW-YG6viPpJMtDtqGzhBjDvhSiIzY2OjK3ihC89Yvd1LQsLWW1rGaE2w-4SSUGLMhXywaXiqFrdzYO7eBfhkLqngx_AZz-ZEEBJezFGgz7xrkhwJVsNXIAi6yPEJdYeWa0jRlHht1p-GvDVYqmQf8\/s16000\/gb9ion.jpg\" alt=\"GB9IOW, Wight Island \/ EU-120\" width=\"600\" height=\"300\" \/><\/p>\n<p><b>Le 28 Avril 2026<\/b><\/p>\n<p>Eddy &#8211; ON6EF informe :<\/p>\n<p>Un groupe de 7\/8 op\u00e9rateurs belges compos\u00e9 de ON6EF, ON6VJ, ON1BN, ON7VM, ON9DJ, ON4AML, ON5SEL, ON7TA activera l\u2019\u00eele de Wight pour la deuxi\u00e8me fois, du 28 avril au 5 mai 2026.<\/p>\n<p>Nous serons actifs sur les bandes HF, WARC et 6 m en modes SSB\/CW\/Digital, QO-100 et Moonbounce 23 cm. Possiblement \u00e9galement en VHF\/UHF.<\/p>\n<p>Pour les op\u00e9rateurs belges, nous \u00e9couterons le week-end des 2 et 3 mai de 9h \u00e0 10h UTC le matin et de 19h \u00e0 20h UTC l\u2019apr\u00e8s-midi sur les bandes 40\/80 m.<\/p>\n<p>La premi\u00e8re fois que nous avons activ\u00e9 cette \u00eele remonte \u00e0 2018 avec l\u2019indicatif GB9OSA.<\/p>\n<p>Informations QSL : Pour les op\u00e9rateurs belges, vous pouvez envoyer une SAE avec timbre \u00e0 ON6EF. Pour les stations europ\u00e9ennes et internationales, nous pr\u00e9f\u00e9rons le bureau ou les envois directs, mais Clublog et e-QSL peuvent \u00e9galement \u00eatre utilis\u00e9s. Pas de LoTW ni eQSL.<\/p>\n<p>Les sponsors sont les bienvenus et, pour 5 \u20ac, ils recevront des cartes QSL directes avec les cartes de nos activations pr\u00e9c\u00e9dentes.<\/p>\n<p>Donations via PayPal : <a href=\"mailto:on6ef1@gmail.com\">on6ef1@gmail.com<\/a><\/p>\n<p>Site web : <a href=\"http:\/\/hamradioexpedition.com\">http:\/\/hamradioexpedition.com<\/a><\/p>\n<p>Plus d\u2019informations prochainement&#8230;<\/p>\n<p>Cet indicatif a \u00e9t\u00e9 utilis\u00e9 en 2017 par une autre \u00e9quipe belge, et le gestionnaire QSL \u00e9tait alors ON3UN.<\/p>\n<p>Note : sp\u00e9cialement pour les op\u00e9rateurs belges, nous \u00e9couterons en 40\/80 m SSB le samedi et le dimanche 2 et 3 mai, le matin de 9h \u00e0 10h et le soir de 19h \u00e0 20h.<\/p>\n<p style=\"text-align: center;\"><a href=\"https:\/\/blogger.googleusercontent.com\/img\/b\/R29vZ2xl\/AVvXsEjtaulX7uIuxxRRdb3EVoqm_B_xKuYx3nKmf39kNrgdSyLxJV2MjIXXr2Pnrci59SqigZyf7fUx422Hh6_UhFgrvQ2NXIRhXawZLFIkMEj7peLRjjrFCEGk6o-KB5Di4Pt7t2XVXoFg8kk7PwHp_PDU2iglFuJSvOcnOT2VlecJtoD3Cj1PgNzP\/s1000\/gb9iow%20logo.png\"><img loading=\"lazy\" decoding=\"async\" src=\"https:\/\/blogger.googleusercontent.com\/img\/b\/R29vZ2xl\/AVvXsEjtaulX7uIuxxRRdb3EVoqm_B_xKuYx3nKmf39kNrgdSyLxJV2MjIXXr2Pnrci59SqigZyf7fUx422Hh6_UhFgrvQ2NXIRhXawZLFIkMEj7peLRjjrFCEGk6o-KB5Di4Pt7t2XVXoFg8kk7PwHp_PDU2iglFuJSvOcnOT2VlecJtoD3Cj1PgNzP\/s320\/gb9iow%20logo.png\" width=\"320\" height=\"320\"><\/a><\/p>\n<p style=\"text-align: justify;\">73, &#8211; Claude ON4CN<\/p>\n<p style=\"text-align: justify;\">Info de la Source de EA1CS <a href=\"http:\/\/ea1cs.blogspot.com\/\" target=\"_blank\"><b><span style=\"color: #ff0000;\"> ICI<\/span><\/b><\/a><\/p>\n<\/article>\n","protected":false},"excerpt":{"rendered":"<p>Article traduite en Fran\u00e7ais via Google Translate Information GB9IOW, Wight Island \/ EU-120 Le 28 Avril 2026 Eddy &#8211; ON6EF informe : Un groupe de 7\/8 op\u00e9rateurs belges compos\u00e9 de ON6EF, ON6VJ, ON1BN, ON7VM, ON9DJ, ON4AML, ON5SEL, ON7TA activera l\u2019\u00eele de Wight pour la deuxi\u00e8me fois, du 28 avril au 5 mai 2026. Nous serons &hellip; <a href=\"http:\/\/www.on4cn.be\/blog_radio\/2026\/04\/28\/information-gb9iow-wight-island-eu-120\/\" class=\"more-link\">Continuer la lecture<span class=\"screen-reader-text\"> de &laquo;&nbsp;Information GB9IOW, Wight Island \/ EU-120&nbsp;&raquo;<\/span><\/a><\/p>\n","protected":false},"author":1,"featured_media":0,"comment_status":"open","ping_status":"open","sticky":false,"template":"","format":"standard","meta":{"footnotes":""},"categories":[11,22,17,24,25],"tags":[],"class_list":["post-23250","post","type-post","status-publish","format-standard","hentry","category-dx","category-infos-dx","category-iota","category-trafic-radio","category-trafic-radioamatuer"],"_links":{"self":[{"href":"http:\/\/www.on4cn.be\/blog_radio\/wp-json\/wp\/v2\/posts\/23250","targetHints":{"allow":["GET"]}}],"collection":[{"href":"http:\/\/www.on4cn.be\/blog_radio\/wp-json\/wp\/v2\/posts"}],"about":[{"href":"http:\/\/www.on4cn.be\/blog_radio\/wp-json\/wp\/v2\/types\/post"}],"author":[{"embeddable":true,"href":"http:\/\/www.on4cn.be\/blog_radio\/wp-json\/wp\/v2\/users\/1"}],"replies":[{"embeddable":true,"href":"http:\/\/www.on4cn.be\/blog_radio\/wp-json\/wp\/v2\/comments?post=23250"}],"version-history":[{"count":1,"href":"http:\/\/www.on4cn.be\/blog_radio\/wp-json\/wp\/v2\/posts\/23250\/revisions"}],"predecessor-version":[{"id":23251,"href":"http:\/\/www.on4cn.be\/blog_radio\/wp-json\/wp\/v2\/posts\/23250\/revisions\/23251"}],"wp:attachment":[{"href":"http:\/\/www.on4cn.be\/blog_radio\/wp-json\/wp\/v2\/media?parent=23250"}],"wp:term":[{"taxonomy":"category","embeddable":true,"href":"http:\/\/www.on4cn.be\/blog_radio\/wp-json\/wp\/v2\/categories?post=23250"},{"taxonomy":"post_tag","embeddable":true,"href":"http:\/\/www.on4cn.be\/blog_radio\/wp-json\/wp\/v2\/tags?post=23250"}],"curies":[{"name":"wp","href":"https:\/\/api.w.org\/{rel}","templated":true}]}}