{"id":23036,"date":"2026-03-03T07:13:14","date_gmt":"2026-03-03T06:13:14","guid":{"rendered":"https:\/\/www.on4cn.be\/blog_radio\/?p=23036"},"modified":"2026-03-03T07:13:14","modified_gmt":"2026-03-03T06:13:14","slug":"information-vp2ead-vp2ewe-vp2elx-anguilla-island-2026-3","status":"publish","type":"post","link":"http:\/\/www.on4cn.be\/blog_radio\/2026\/03\/03\/information-vp2ead-vp2ewe-vp2elx-anguilla-island-2026-3\/","title":{"rendered":"Information VP2EAD, VP2EWE, VP2ELX,, Anguilla Island 2026"},"content":{"rendered":"<article class=\"article\">\n<center><b><span style=\"color: #0000ff;\">Article traduite en Fran\u00e7ais via Google Translate<\/b><\/span><\/center><br \/> <br \/>\n<center><strong><span style=\"color: #ff0000;\">Information VP2EAD, VP2EWE, VP2ELX,, Anguilla Island 2026<\/span><\/strong><\/center><\/p>\n<p style=\"text-align: center;\"><img loading=\"lazy\" decoding=\"async\" src=\"https:\/\/blogger.googleusercontent.com\/img\/b\/R29vZ2xl\/AVvXsEhBhWBaSHiLJzilFZnjISbwjLqO5ttSYd5eQagns6tfd0GkG5itkCYxaNl9Fw6YU8Z5eqzOoitZ2KhnsVvB-7cfWQb8V3j04fQIxSteE0zMXB7Ds4IP6MKRkhQQcB1sntq9M-r5DEGLvruc1RLHsoRCjoqA363gYYsB50YTZ-5WBdiuquUBwHk_\/s16000\/vp2ewe.jpg\" alt=\"VP2EAD, VP2EWE, VP2ELX,, Anguilla Island 2026\" width=\"600\" height=\"400\" \/><\/p>\n<p><b>Le 02 Mars 2026<\/b><\/p>\n<p><strong>(\u00c9quipe \/ 23 F\u00c9VRIER 2026)<\/strong><\/p>\n<p>Pour rappel : nous pr\u00e9voyons des activit\u00e9s depuis l&rsquo;\u00eele carib\u00e9enne d&rsquo;Anguilla du 3 au 20 mars 2026. Nous travaillerons principalement en modes SSB et FT8 ; possiblement aussi en RTTY, FT4 et CW (nous esp\u00e9rons qu&rsquo;Adrian SQ2RAD sera indulgent \u00e0 ce sujet).<\/p>\n<p>Nous emporterons plusieurs \u00e9metteurs-r\u00e9cepteurs et amplificateurs (environ 300-400 W) ainsi que plusieurs antennes, mais nous verrons ce que nous pourrons installer sur place ; le QTH est assez petit pour trois stations.<\/p>\n<p>Nous publierons des informations pertinentes, des photos et des discussions sur <strong><a href=\"https:\/\/vp2.dxpeditions.org\/\">notre site web<\/a><\/strong>.<\/p>\n<p>Nous nous concentrerons sur les stations d&rsquo;Extr\u00eame-Orient, mais la collaboration avec l&rsquo;Australie et l&rsquo;Europe est \u00e9galement vivement recommand\u00e9e. Les pile-ups sont les bienvenus !<\/p>\n<p>Les participants \u00e0 l&rsquo;exp\u00e9dition enverront les cartes QSL selon leurs demandes : OQRS (directement et via le buro PZK).<\/p>\n<p>VP2EAD (SQ2RAD),<br \/>\nVP2ELX (M0PLX \u2013 SP7DPJ),<br \/>\nVP2EWE (SP9FIH).<\/p>\n<p style=\"text-align: center;\"><a href=\"https:\/\/blogger.googleusercontent.com\/img\/b\/R29vZ2xl\/AVvXsEj2XZbYjCSPbDwNluGgnbZVSErJpS8tKtKvSglY0R1_KD6RRwww4INK3MKahpThgX6zP2knKlZEpNfUluO3lwLC-KOiYH4dgm4JiVJ972sRXkL1CMdFvFMooXaRC6pmNPlZNYcAyKOef-v3OG8wfrGkbr2AcF5lpCLMDO4IGyYCHyFf-srisvKp\/s320\/vp2ewe%20logo.png\"><img loading=\"lazy\" decoding=\"async\" src=\"https:\/\/blogger.googleusercontent.com\/img\/b\/R29vZ2xl\/AVvXsEj2XZbYjCSPbDwNluGgnbZVSErJpS8tKtKvSglY0R1_KD6RRwww4INK3MKahpThgX6zP2knKlZEpNfUluO3lwLC-KOiYH4dgm4JiVJ972sRXkL1CMdFvFMooXaRC6pmNPlZNYcAyKOef-v3OG8wfrGkbr2AcF5lpCLMDO4IGyYCHyFf-srisvKp\/s320\/vp2ewe%20logo.png\" width=\"320\" height=\"320\" border=\"0\"><\/a><\/p>\n<p><strong>(\u00c9quipe \/ 20 F\u00c9VRIER 2026)<\/strong><\/p>\n<p>Aujourd&rsquo;hui, nous avons re\u00e7u un message de Keith VP2EKG indiquant que nos licences nous attendent \u00e0 Anguilla. Merci, Keith !<\/p>\n<p style=\"text-align: center;\"><strong>(INFO DX \/ 11 F\u00c9VRIER 2026)<\/strong><\/p>\n<p>Nous pouvons informer que les indicatifs pour l&rsquo;op\u00e9ration depuis Anguilla seront :<\/p>\n<ul>\n<li>Adrian &#8211; SQ2RAD \/ <strong>VP2EAD<\/strong><\/li>\n<li>Janusz &#8211; SP9FIH \/ <strong>VP2EWE<\/strong><\/li>\n<li>Jacek &#8211; M0PLX \/ <strong>VP2ELX<\/strong><\/li>\n<\/ul>\n<p>Les dates de l&rsquo;op\u00e9ration sont confirm\u00e9es du 3 au 20 mars 2026. Un petit changement est ajout\u00e9 : le RTTY est ajout\u00e9 aux modes op\u00e9rationnels.<\/p>\n<ul>\n<li>QSL via OQRS ClubLog.<\/li>\n<li>OQRS pour les demandes directes, confirmation dans LoTW quelques jours apr\u00e8s.<\/li>\n<li>Le buro r\u00e9pondra 12 mois apr\u00e8s l&rsquo;op\u00e9ration.<\/li>\n<li>Les QSL papier seront envoy\u00e9es quelques semaines apr\u00e8s le retour \u00e0 la maison.<\/li>\n<\/ul>\n<p style=\"text-align: center;\"><strong>(Jacek &#8211; SP9FIH \/ 7-11 JANVIER 2026)<\/strong><\/p>\n<p>Roman a gliss\u00e9 sur un sentier gel\u00e9 et s&rsquo;est bless\u00e9 au genou. Malheureusement, le m\u00e9decin indique qu&rsquo;il ne pourra pas se r\u00e9tablir pour l&rsquo;exp\u00e9dition.<\/p>\n<p>Il n&rsquo;a pas \u00e9t\u00e9 facile de trouver quelqu&rsquo;un pour remplacer Roman SP9FOW. Nous avons la chance d&rsquo;inviter Jacek M0PLX dans notre \u00e9quipe. C&rsquo;est un activiste IOTA connu et un passionn\u00e9 d&rsquo;op\u00e9ration vocale mobile.<\/p>\n<p style=\"text-align: center;\"><strong>(INFO DX \/ 2 JANVIER 2026)<\/strong><\/p>\n<p>Du 3 au 20 mars 2026, l&rsquo;\u00e9quipe compos\u00e9e de Adrian &#8211; SQ2RAD (<strong>VP2EAD<\/strong>), Roman &#8211; SP9FOW et le c\u00e9l\u00e8bre Janusz &#8211; SP9FIH, sera \u00e0 l&rsquo;air depuis l&rsquo;\u00eele d&rsquo;Anguilla. Roman et Janusz attendent la confirmation de leurs licences demand\u00e9es en octobre dernier, qui seront publi\u00e9es une fois accord\u00e9es. Ils pr\u00e9voient d\u2019\u00eatre QRV de 6 \u00e0 160m en CW, SSB et FT8.<\/p>\n<p>Janusz commente :<\/p>\n<p>\u00ab\u00a0Transmission g\u00e9n\u00e9rationnelle : nous essaierons de partager notre exp\u00e9rience des DXpeditions avec la nouvelle g\u00e9n\u00e9ration.<\/p>\n<p>Un membre de notre \u00e9quipe, Adrian SQ2RAD, n\u2019a que 18 ans. Malgr\u00e9 son \u00e2ge, il poss\u00e8de d\u00e9j\u00e0 une grande exp\u00e9rience en construction d&rsquo;antennes, concours et travail sur le terrain. Il va maintenant acqu\u00e9rir une exp\u00e9rience de niveau sup\u00e9rieur : organiser et travailler sur des exp\u00e9ditions DX.\u00a0\u00bb<\/p>\n<p>Plus de d\u00e9tails sur le site web : <a href=\"https:\/\/vp2.dxpeditions.org\/\"><strong>https:\/\/vp2.dxpeditions.org\/<\/strong><\/a><\/p>\n<p style=\"text-align: center;\"><a href=\"https:\/\/blogger.googleusercontent.com\/img\/b\/R29vZ2xl\/AVvXsEiKbWz48e1CdTXfQ-NU0yC4XONTpvgFePhrcdqIbyJ1IyEcGZbcQ-StBgz9pcUF_-HCoRbM9YENfLca8c4Ti489p7XXqf7xrMAk9QfRvl7sAGorytjJbtmQo8uoASGZUAQcZJxadUfXpv5qdnQVgvtz0fpj1zLT2KaBi_KmuI95kfBM5UrO1dGR\/s300\/vp2ead%20logo.png\"><img loading=\"lazy\" decoding=\"async\" src=\"https:\/\/blogger.googleusercontent.com\/img\/b\/R29vZ2xl\/AVvXsEiKbWz48e1CdTXfQ-NU0yC4XONTpvgFePhrcdqIbyJ1IyEcGZbcQ-StBgz9pcUF_-HCoRbM9YENfLca8c4Ti489p7XXqf7xrMAk9QfRvl7sAGorytjJbtmQo8uoASGZUAQcZJxadUfXpv5qdnQVgvtz0fpj1zLT2KaBi_KmuI95kfBM5UrO1dGR\/s1600\/vp2ead%20logo.png\" width=\"300\" height=\"300\" border=\"0\"><\/a><\/p>\n<p style=\"text-align: justify;\">73, &#8211; Claude ON4CN<\/p>\n<p style=\"text-align: justify;\">Info de la Source de EA1CS <a href=\"http:\/\/ea1cs.blogspot.com\/\" target=\"_blank\"><b><span style=\"color: #ff0000;\"> ICI<\/span><\/b><\/a><\/p>\n<\/article>\n","protected":false},"excerpt":{"rendered":"<p>Article traduite en Fran\u00e7ais via Google Translate Information VP2EAD, VP2EWE, VP2ELX,, Anguilla Island 2026 Le 02 Mars 2026 (\u00c9quipe \/ 23 F\u00c9VRIER 2026) Pour rappel : nous pr\u00e9voyons des activit\u00e9s depuis l&rsquo;\u00eele carib\u00e9enne d&rsquo;Anguilla du 3 au 20 mars 2026. Nous travaillerons principalement en modes SSB et FT8 ; possiblement aussi en RTTY, FT4 et &hellip; <a href=\"http:\/\/www.on4cn.be\/blog_radio\/2026\/03\/03\/information-vp2ead-vp2ewe-vp2elx-anguilla-island-2026-3\/\" class=\"more-link\">Continuer la lecture<span class=\"screen-reader-text\"> de &laquo;&nbsp;Information VP2EAD, VP2EWE, VP2ELX,, Anguilla Island 2026&nbsp;&raquo;<\/span><\/a><\/p>\n","protected":false},"author":1,"featured_media":0,"comment_status":"open","ping_status":"open","sticky":false,"template":"","format":"standard","meta":{"footnotes":""},"categories":[11,21,22,24,25],"tags":[],"class_list":["post-23036","post","type-post","status-publish","format-standard","hentry","category-dx","category-dxpedition","category-infos-dx","category-trafic-radio","category-trafic-radioamatuer"],"_links":{"self":[{"href":"http:\/\/www.on4cn.be\/blog_radio\/wp-json\/wp\/v2\/posts\/23036","targetHints":{"allow":["GET"]}}],"collection":[{"href":"http:\/\/www.on4cn.be\/blog_radio\/wp-json\/wp\/v2\/posts"}],"about":[{"href":"http:\/\/www.on4cn.be\/blog_radio\/wp-json\/wp\/v2\/types\/post"}],"author":[{"embeddable":true,"href":"http:\/\/www.on4cn.be\/blog_radio\/wp-json\/wp\/v2\/users\/1"}],"replies":[{"embeddable":true,"href":"http:\/\/www.on4cn.be\/blog_radio\/wp-json\/wp\/v2\/comments?post=23036"}],"version-history":[{"count":1,"href":"http:\/\/www.on4cn.be\/blog_radio\/wp-json\/wp\/v2\/posts\/23036\/revisions"}],"predecessor-version":[{"id":23037,"href":"http:\/\/www.on4cn.be\/blog_radio\/wp-json\/wp\/v2\/posts\/23036\/revisions\/23037"}],"wp:attachment":[{"href":"http:\/\/www.on4cn.be\/blog_radio\/wp-json\/wp\/v2\/media?parent=23036"}],"wp:term":[{"taxonomy":"category","embeddable":true,"href":"http:\/\/www.on4cn.be\/blog_radio\/wp-json\/wp\/v2\/categories?post=23036"},{"taxonomy":"post_tag","embeddable":true,"href":"http:\/\/www.on4cn.be\/blog_radio\/wp-json\/wp\/v2\/tags?post=23036"}],"curies":[{"name":"wp","href":"https:\/\/api.w.org\/{rel}","templated":true}]}}