{"id":2231,"date":"2016-07-26T07:08:20","date_gmt":"2016-07-26T06:08:20","guid":{"rendered":"http:\/\/www.on4cn.be\/blog_radio\/?p=2231"},"modified":"2016-07-26T07:08:58","modified_gmt":"2016-07-26T06:08:58","slug":"tz5xr-mali-2","status":"publish","type":"post","link":"http:\/\/www.on4cn.be\/blog_radio\/2016\/07\/26\/tz5xr-mali-2\/","title":{"rendered":"TZ5XR"},"content":{"rendered":"<article class=\"article\">\n<center><strong><span style=\"color: #ff0000;\"><\/p>\n<h3>TZ5XR &#8211; Mali<\/h3>\n<p><\/span><\/strong><\/center><\/p>\n<header>\n<span class=\"td-post-date\"><time class=\"entry-date updated td-module-date\" datetime=\"2016-07-25T15:49:23+00:00\" >July 25, 2016<\/time><\/span><\/header>\n<p><center><img loading=\"lazy\" decoding=\"async\" width=\"490\" height=\"314\" class=\"entry-thumb td-modal-image\" src=\"http:\/\/www.dx-world.net\/wp-content\/uploads\/2016\/05\/Kidal_787034254.jpg\" alt=\"\" title=\"Kidal_787034254\"\/><\/center><\/p>\n<p>Laurent, F5IXR will again be active from Kidal city, north east Mali as <strong>TZ5XR<\/strong> starting August 1st until February 2017. During two weeks in mid-August he will be off air while attending a training camp in Canada. When in Mali, QRV all bands 160-6 when time permits. QSL via F5MXH.<\/p>\n<p><HR width=\"50%\"><br \/>\n<center><strong><span style=\"color: #ff0000;\"><\/p>\n<h4>Texte en Fran\u00e7ais traduction google<\/h4>\n<p><\/span><\/strong><\/center><br \/>\n<strong><span style=\"color: #0000ff;\">Le 25 Juillet 2016<\/span><\/strong><\/p>\n<p>Laurent, F5IXR sera \u00e0 nouveau actif de la ville de Kidal, au nord est du Mali comme <strong>TZ5XR<\/strong> \u00e0 partir du 1er Ao\u00fbt jusqu&rsquo;en F\u00e9vrier 2017. Pendant deux semaines \u00e0 la mi-Ao\u00fbt, il sera hors de l&rsquo;air alors qu&rsquo;il assistait \u00e0 un camp d&rsquo;entra\u00eenement au Canada. <br \/>Quand au Mali, QRV toutes les bandes 160-6 lorsque le temps le permet.<br \/> QSL via F5MXH.<\/p>\n<p style=\"text-align: right;\"><center><img loading=\"lazy\" decoding=\"async\" class=\"aligncenter size-full wp-image-55047\" src=\"http:\/\/www.dx-world.net\/wp-content\/uploads\/2016\/06\/we-696x394.jpg\" alt=\"DXNEWS\" width=\"104\" height=\"13\" \/>Source de l&rsquo;infos<\/center><\/p>\n<\/article>\n","protected":false},"excerpt":{"rendered":"<p>TZ5XR &#8211; Mali July 25, 2016 Laurent, F5IXR will again be active from Kidal city, north east Mali as TZ5XR starting August 1st until February 2017. During two weeks in mid-August he will be off air while attending a training camp in Canada. When in Mali, QRV all bands 160-6 when time permits. QSL via &hellip; <a href=\"http:\/\/www.on4cn.be\/blog_radio\/2016\/07\/26\/tz5xr-mali-2\/\" class=\"more-link\">Continuer la lecture<span class=\"screen-reader-text\"> de &laquo;&nbsp;TZ5XR&nbsp;&raquo;<\/span><\/a><\/p>\n","protected":false},"author":1,"featured_media":0,"comment_status":"open","ping_status":"open","sticky":false,"template":"","format":"standard","meta":{"footnotes":""},"categories":[11,22,24,25],"tags":[],"class_list":["post-2231","post","type-post","status-publish","format-standard","hentry","category-dx","category-infos-dx","category-trafic-radio","category-trafic-radioamatuer"],"_links":{"self":[{"href":"http:\/\/www.on4cn.be\/blog_radio\/wp-json\/wp\/v2\/posts\/2231","targetHints":{"allow":["GET"]}}],"collection":[{"href":"http:\/\/www.on4cn.be\/blog_radio\/wp-json\/wp\/v2\/posts"}],"about":[{"href":"http:\/\/www.on4cn.be\/blog_radio\/wp-json\/wp\/v2\/types\/post"}],"author":[{"embeddable":true,"href":"http:\/\/www.on4cn.be\/blog_radio\/wp-json\/wp\/v2\/users\/1"}],"replies":[{"embeddable":true,"href":"http:\/\/www.on4cn.be\/blog_radio\/wp-json\/wp\/v2\/comments?post=2231"}],"version-history":[{"count":0,"href":"http:\/\/www.on4cn.be\/blog_radio\/wp-json\/wp\/v2\/posts\/2231\/revisions"}],"wp:attachment":[{"href":"http:\/\/www.on4cn.be\/blog_radio\/wp-json\/wp\/v2\/media?parent=2231"}],"wp:term":[{"taxonomy":"category","embeddable":true,"href":"http:\/\/www.on4cn.be\/blog_radio\/wp-json\/wp\/v2\/categories?post=2231"},{"taxonomy":"post_tag","embeddable":true,"href":"http:\/\/www.on4cn.be\/blog_radio\/wp-json\/wp\/v2\/tags?post=2231"}],"curies":[{"name":"wp","href":"https:\/\/api.w.org\/{rel}","templated":true}]}}