{"id":21921,"date":"2025-07-20T07:19:51","date_gmt":"2025-07-20T05:19:51","guid":{"rendered":"http:\/\/www.on4cn.be\/blog_radio\/?p=21921"},"modified":"2025-07-20T07:19:51","modified_gmt":"2025-07-20T05:19:51","slug":"information-ed7dzz-qrp-tabarca-is-eu-093","status":"publish","type":"post","link":"http:\/\/www.on4cn.be\/blog_radio\/2025\/07\/20\/information-ed7dzz-qrp-tabarca-is-eu-093\/","title":{"rendered":"Information ED7DZZ\/QRP, Tabarca Is. EU-093"},"content":{"rendered":"<article class=\"article\">\n<center><b><span style=\"color: #0000ff;\">Article traduite en Fran\u00e7ais via Google Translate<\/b><\/span><\/center><br \/> <br \/>\n<center><b><span style=\"color: #ff0000;\">Information ED7DZZ\/QRP, Tabarca Is. EU-093<\/span><\/b><\/center><\/p>\n<p style=\"text-align: center;\"><img loading=\"lazy\" decoding=\"async\" src=\"https:\/\/blogger.googleusercontent.com\/img\/b\/R29vZ2xl\/AVvXsEhKSz0w-1LKIQ2MWqA3rgG6hOhFiPFgATquToEa2UxYnm3BLDrI2EMgmvaeQx_MCG1hKkwTix1rXNWKq6tpxq46wLFQD9AwShd_ahyphenhyphenlOpmbME8rUxZhRH1_PpHpF546qETL1QOo6t1AnEq8llA0fkxEOwabbCHFD9NB2RpKmgZyQrDYrFyZRlZx\/s16000\/ed7dzz.jpg\" width=\"600\" height=\"400\" \/><\/p>\n<p><b>Le 19\/07\/2025 <\/b><\/p>\n<p>Du 21 au 24 juillet 2025, Javier &#8211; EC7DZZ sera \u00e0 l\u2019air depuis l\u2019\u00eele de Tabarca sous l\u2019indicatif <b>ED7DZZ\/QRP<\/b>. De plus, l\u2019op\u00e9ration diffusera les r\u00e9f\u00e9rences POTA : ES-0978, E-006, Arlsh, SPA-136, MA-043, E-0148.<\/p>\n<p>Javier commente :<\/p>\n<p>\u00ab\u00a0L\u2019horaire d\u2019op\u00e9ration sera tr\u00e8s relatif, j\u2019esp\u00e8re \u00eatre actif le matin, l\u2019apr\u00e8s-midi et le soir. Les bandes seront 10, 15, 20 et 40 m. Les antennes que j\u2019utiliserai sont deux verticales, la PAC-12 et une autre verticale t\u00e9lescopique. La puissance maximale sera de 5 \u00e0 10 W, tout en SSB.\u00a0\u00bb<\/p>\n<p>Note DX INFO : (BOE) Les radioamateurs espagnols peuvent op\u00e9rer depuis n\u2019importe quel point du territoire national en utilisant leur indicatif habituel (avec le pr\u00e9fixe et le chiffre de district assign\u00e9s) sans besoin de le modifier, \u00e0 condition qu\u2019il s\u2019agisse d\u2019une op\u00e9ration mobile ou portable. Il n\u2019est pas obligatoire de notifier la Pr\u00e9fecture Provinciale si l\u2019on op\u00e8re depuis une station mobile ou portable en dehors du district de r\u00e9sidence.<\/p>\n<p style=\"text-align: justify;\">73, &#8211; Claude ON4CN<\/p>\n<p style=\"text-align: justify;\">Info de la Source de EA1CS <a href=\"http:\/\/ea1cs.blogspot.com\/\" target=\"_blank\" rel=\"noopener\"><b><span style=\"color: #0000ff;\"> ICI<\/span><\/b><\/a><\/p>\n<\/article>\n","protected":false},"excerpt":{"rendered":"<p>Article traduite en Fran\u00e7ais via Google Translate Information ED7DZZ\/QRP, Tabarca Is. EU-093 Le 19\/07\/2025 Du 21 au 24 juillet 2025, Javier &#8211; EC7DZZ sera \u00e0 l\u2019air depuis l\u2019\u00eele de Tabarca sous l\u2019indicatif ED7DZZ\/QRP. De plus, l\u2019op\u00e9ration diffusera les r\u00e9f\u00e9rences POTA : ES-0978, E-006, Arlsh, SPA-136, MA-043, E-0148. Javier commente : \u00ab\u00a0L\u2019horaire d\u2019op\u00e9ration sera tr\u00e8s relatif, &hellip; <a href=\"http:\/\/www.on4cn.be\/blog_radio\/2025\/07\/20\/information-ed7dzz-qrp-tabarca-is-eu-093\/\" class=\"more-link\">Continuer la lecture<span class=\"screen-reader-text\"> de &laquo;&nbsp;Information ED7DZZ\/QRP, Tabarca Is. EU-093&nbsp;&raquo;<\/span><\/a><\/p>\n","protected":false},"author":1,"featured_media":0,"comment_status":"open","ping_status":"open","sticky":false,"template":"","format":"standard","meta":{"footnotes":""},"categories":[11,22,17,24,25],"tags":[],"class_list":["post-21921","post","type-post","status-publish","format-standard","hentry","category-dx","category-infos-dx","category-iota","category-trafic-radio","category-trafic-radioamatuer"],"_links":{"self":[{"href":"http:\/\/www.on4cn.be\/blog_radio\/wp-json\/wp\/v2\/posts\/21921","targetHints":{"allow":["GET"]}}],"collection":[{"href":"http:\/\/www.on4cn.be\/blog_radio\/wp-json\/wp\/v2\/posts"}],"about":[{"href":"http:\/\/www.on4cn.be\/blog_radio\/wp-json\/wp\/v2\/types\/post"}],"author":[{"embeddable":true,"href":"http:\/\/www.on4cn.be\/blog_radio\/wp-json\/wp\/v2\/users\/1"}],"replies":[{"embeddable":true,"href":"http:\/\/www.on4cn.be\/blog_radio\/wp-json\/wp\/v2\/comments?post=21921"}],"version-history":[{"count":1,"href":"http:\/\/www.on4cn.be\/blog_radio\/wp-json\/wp\/v2\/posts\/21921\/revisions"}],"predecessor-version":[{"id":21922,"href":"http:\/\/www.on4cn.be\/blog_radio\/wp-json\/wp\/v2\/posts\/21921\/revisions\/21922"}],"wp:attachment":[{"href":"http:\/\/www.on4cn.be\/blog_radio\/wp-json\/wp\/v2\/media?parent=21921"}],"wp:term":[{"taxonomy":"category","embeddable":true,"href":"http:\/\/www.on4cn.be\/blog_radio\/wp-json\/wp\/v2\/categories?post=21921"},{"taxonomy":"post_tag","embeddable":true,"href":"http:\/\/www.on4cn.be\/blog_radio\/wp-json\/wp\/v2\/tags?post=21921"}],"curies":[{"name":"wp","href":"https:\/\/api.w.org\/{rel}","templated":true}]}}