{"id":21888,"date":"2025-07-17T07:34:42","date_gmt":"2025-07-17T05:34:42","guid":{"rendered":"http:\/\/www.on4cn.be\/blog_radio\/?p=21888"},"modified":"2025-07-17T07:34:42","modified_gmt":"2025-07-17T05:34:42","slug":"information-projet-dxpedition-kerguelen-2025","status":"publish","type":"post","link":"http:\/\/www.on4cn.be\/blog_radio\/2025\/07\/17\/information-projet-dxpedition-kerguelen-2025\/","title":{"rendered":"Information Projet DXpedition Kerguelen 2025"},"content":{"rendered":"<article class=\"article\">\n<center><b><span style=\"color: #0000ff;\">Article traduite en Fran\u00e7ais via Google Translate<\/b><\/span><\/center><br \/>\n<center><b><span style=\"color: #ff0000;\">Information Projet DXpedition Kerguelen 2025<\/span><\/b><\/center> <\/p>\n<p style=\"text-align: center;\"><img loading=\"lazy\" decoding=\"async\" src=\"https:\/\/blogger.googleusercontent.com\/img\/b\/R29vZ2xl\/AVvXsEgFKD51HT6WIH9nRE51v9ByRbYQcsB0bclbIODNO6Tnw1hlaOgWmzxtHAQGWHYVjKnxMDQf8Lrg7ZDv1e6PSHXPuBtTev3rgBMiyQsG8lRoyVkaWxrKQCknvjyfTdIHh8Juh87PXoK9hxaPqbZXkjjoJlLi-L6TDkzpxs1I1akJulS9SqOqxU8s\/s16000\/kerguelen%202025.png\" width=\"600\" height=\"150\" \/><\/p>\n<p><b>Le 17\/07\/2025 <\/b><\/p>\n<p><strong>(Rappel)<\/strong><\/p>\n<p style=\"text-align: center;\"><strong>(Thierry \u2013 F6CUK \/ 6 JANVIER 2025)<\/strong><\/p>\n<p style=\"text-align: justify;\">Projet d\u2019exp\u00e9dition Dx dans l\u2019archipel des Kerguelen<\/p>\n<p style=\"text-align: justify;\"><strong>1 \u2013 Situation actuelle.<\/strong><\/p>\n<p style=\"text-align: justify;\">De plus en plus d\u2019amis m\u2019ont demand\u00e9 des informations sur le projet d\u2019exp\u00e9dition aux Kerguelen. Cela fait d\u00e9j\u00e0 deux ans que j\u2019ai particip\u00e9 activement \u00e0 Crozet, il \u00e9tait donc n\u00e9cessaire de me mettre \u00e0 jour sur son \u00e9volution.<\/p>\n<p style=\"text-align: justify;\">Pendant mon s\u00e9jour \u00e0 Crozet, j\u2019ai \u00e9tabli des contacts, parfois amicaux, avec diverses personnes travaillant aux TAAF (Terres Australes et Antarctiques Fran\u00e7aises). Apr\u00e8s avoir r\u00e9dig\u00e9 le dossier en collaboration avec la REF (R\u00e9seau des \u00c9metteurs Fran\u00e7ais), je me suis senti assez s\u00fbr et nous l\u2019avons pr\u00e9sent\u00e9 directement aux autorit\u00e9s des TAAF. Le personnel des TAAF a observ\u00e9 que la station ne perturbait pas la faune, notamment les esp\u00e8ces aviaires, et que mon interaction avec le personnel de la base avait \u00e9t\u00e9 positive. Malgr\u00e9 cela, comme vous le savez, nous avons rencontr\u00e9 un refus, ce qui m\u2019a surpris. Nous ne comprenions pas bien les raisons de ce refus, mais nous avons d\u00fb nous adapter \u00e0 la situation.<\/p>\n<p style=\"text-align: justify;\">Par cons\u00e9quent, nous avons envoy\u00e9 le dossier au minist\u00e8re responsable des TAAF. L\u00e0, nous avons eu un accueil assez favorable, ce qui nous a fait esp\u00e9rer un r\u00e9sultat positif \u00e0 notre demande. Malheureusement, malgr\u00e9 deux consultations ult\u00e9rieures aupr\u00e8s des TAAF, nous n\u2019avons toujours pas obtenu l\u2019approbation pour notre d\u00e9part. On nous a demand\u00e9 plusieurs justifications qui me paraissent quelque peu d\u00e9routantes. De plus, le climat politique en France complique nos d\u00e9marches, m\u00eame si nos contacts au minist\u00e8re restent constants et semblent soutenir notre projet.<\/p>\n<p style=\"text-align: justify;\">Apr\u00e8s ce r\u00e9sum\u00e9, j\u2019expliquerai les d\u00e9tails de notre projet pour que chacun puisse se faire une opinion correcte.<\/p>\n<p style=\"text-align: justify;\">Comm\u00e9moration du soixante-quinzi\u00e8me anniversaire de la premi\u00e8re activit\u00e9 de radioamateurs dans l\u2019archipel des Kerguelen et l\u2019\u00eele d\u2019Amsterdam.<\/p>\n<p style=\"text-align: justify;\"><strong>2 \u2013 Le projet<\/strong><\/p>\n<p style=\"text-align: justify;\">Partir seul, comme je l\u2019ai fait \u00e0 Crozet, est compliqu\u00e9 \u00e0 cause des conditions climatiques difficiles et de l\u2019attente des radioamateurs pour \u00e9tablir des contacts sur les modes et bandes souhait\u00e9s. Pour am\u00e9liorer nos efforts au-del\u00e0 du simple trafic, j\u2019ai invit\u00e9 mon ami Pascal F8TRT \u00e0 se joindre \u00e0 moi. Par cons\u00e9quent, le projet pr\u00e9voit la participation de deux op\u00e9rateurs.<\/p>\n<p style=\"text-align: justify;\">Je ne m\u2019\u00e9tendrai pas sur la partie trafic, car elle est facile \u00e0 imaginer. Cependant, il est fondamental de pr\u00e9ciser que nous voulons \u00eatre actifs sur les bandes 10, 7 et 3,5 MHz, contrairement \u00e0 Crozet. \u00c9tant donn\u00e9 que les laboratoires de mesures scientifiques \u00e0 Kerguelen se trouvent \u00e0 plusieurs kilom\u00e8tres de la base, nous pensons qu\u2019ils resteront exempts d\u2019interf\u00e9rences.<\/p>\n<p style=\"text-align: justify;\">Nous avons \u00e9galement d\u00e9fini trois domaines suppl\u00e9mentaires :<\/p>\n<p style=\"text-align: justify;\">Programme \u00e9ducatif :<\/p>\n<p style=\"text-align: justify;\">Le succ\u00e8s des contacts \u00e9tablis avec 16 \u00e9tablissements scolaires durant mon s\u00e9jour \u00e0 Crozet, incluant des \u00e9changes vid\u00e9o via QO-100 avec des scientifiques et des classes, nous a incit\u00e9s \u00e0 \u00e9tendre cette initiative \u00e0 environ quarante classes. Pour pallier les d\u00e9faillances techniques rencontr\u00e9es lors de l\u2019exp\u00e9dition Crozet, nous pr\u00e9voyons d\u2019emporter deux stations QO-100, chacune \u00e9quip\u00e9e pour le DATV. Le soutien d\u2019AMSAT-Francophone et de LOTA (Leaner On The Air) nous permettra de r\u00e9aliser ce programme \u00e9ducatif ambitieux.<\/p>\n<p style=\"text-align: justify;\">Programme scientifique :<\/p>\n<p style=\"text-align: justify;\">Nous sommes en discussion avec LATMOS (Laboratoire Atmosph\u00e8res, Milieux, Observations Spatiales), qui a demand\u00e9 qu\u2019AMSAT-Francophone et Electrolab proposent une station de commande transportable. Cette station a \u00e9t\u00e9 con\u00e7ue et d\u00e9velopp\u00e9e par Electrolab, int\u00e9grant des concepts innovants tels que le piratage des syst\u00e8mes de positionnement des panneaux solaires et la radio d\u00e9finie par logiciel. Notre r\u00f4le consistera \u00e0 installer temporairement cette station et \u00e0 valider son concept \u00e0 ces latitudes.<\/p>\n<p style=\"text-align: justify;\">Programme de r\u00e9ponse aux catastrophes :<\/p>\n<p style=\"text-align: justify;\">Les r\u00e9cents d\u00e9g\u00e2ts caus\u00e9s par le cyclone Chido \u00e0 Mayotte ont une nouvelle fois mis en lumi\u00e8re l\u2019aide que peuvent fournir les radioamateurs dans les plans d\u2019urgence, m\u00eame dans les pays les plus d\u00e9velopp\u00e9s. Ainsi, avec le soutien de la FNRASEC (F\u00e9d\u00e9ration Nationale des Radioamateurs au Service de la S\u00e9curit\u00e9 Civile) et de son pr\u00e9sident F5FS, un projet d\u2019installation d\u2019une station radio, suivi de tests r\u00e9seau avec le continent, a \u00e9t\u00e9 propos\u00e9.<\/p>\n<p style=\"text-align: justify;\"><strong>3 \u2013 Conclusions<\/strong><\/p>\n<p style=\"text-align: justify;\">Nous souhaitons conclure par deux r\u00e9flexions.<\/p>\n<p style=\"text-align: justify;\">Avant l\u2019arriv\u00e9e d\u2019Internet et des communications par satellite, les radioamateurs \u00e9taient pr\u00e9sents chaque ann\u00e9e dans les territoires pour faciliter les communications avec La R\u00e9union et les TAAF. Nous avons eu l\u2019occasion de rencontrer de nombreux v\u00e9t\u00e9rans qui se souvenaient de ces temps. Malgr\u00e9 les pr\u00e9cieux services rendus et les efforts de nos pr\u00e9d\u00e9cesseurs, il est ind\u00e9niable qu\u2019aujourd\u2019hui la communaut\u00e9 des radioamateurs n\u2019est plus reconnue.<\/p>\n<p style=\"text-align: justify;\"><strong>Nous nous donnons jusqu\u2019au printemps pour obtenir l\u2019approbation n\u00e9cessaire ; au-del\u00e0 de ce d\u00e9lai, le projet sera abandonn\u00e9.<\/strong><\/p>\n<p style=\"text-align: justify;\">Avec un d\u00e9part pr\u00e9vu entre d\u00e9cembre 2025 et mars 2026, il est essentiel d\u2019envoyer le mat\u00e9riel \u00e0 la mi-ao\u00fbt. Il faut cinq mois pour finaliser les accords avec les TAAF concernant l\u2019installation des stations et antennes \u00e0 la base, ainsi que pour concevoir et rassembler l\u2019\u00e9quipement n\u00e9cessaire. Les sessions de formation avec l\u2019\u00e9quipe LATMOS sont \u00e9galement cruciales, en plus de l\u2019envoi des conteneurs. <strong>Si nous ne sommes pas capables de tout cela dans l\u2019ann\u00e9e \u00e0 venir, nous ne serons plus en \u00e2ge d\u2019entreprendre une exp\u00e9dition de ce type, ce qui entra\u00eenerait l\u2019annulation du projet.<\/strong> Nous sommes donc maintenant dans la derni\u00e8re ligne droite.<\/p>\n<p style=\"text-align: justify;\">Nous esp\u00e9rons avoir r\u00e9pondu \u00e0 toutes vos questions. Croisons les doigts et, en cette saison de bonne volont\u00e9, gardons espoir.<\/p>\n<p style=\"text-align: justify;\"><strong>Pr\u00e9ambule<\/strong><\/p>\n<p style=\"text-align: justify;\">L\u2019archipel des Kerguelen est devenu un district des Terres Australes et Antarctiques Fran\u00e7aises en 1955 avec la cr\u00e9ation de ce territoire. La premi\u00e8re mission a eu lieu sur l\u2019\u00eele de la D\u00e9solation en novembre 1949 pour pr\u00e9parer l\u2019installation d\u2019une base permanente, construite en 1950 et nomm\u00e9e Port-aux-Fran\u00e7ais.<\/p>\n<p style=\"text-align: justify;\">Durant cette mission pr\u00e9liminaire, qui s\u2019est d\u00e9roul\u00e9e du 23 novembre 1949 au 8 avril 1950, l\u2019op\u00e9rateur radio, M. Henri Mobr\u00e9, fut autoris\u00e9 \u00e0 transmettre sur les bandes radioamateurs sous l\u2019indicatif FB8XX.<\/p>\n<p style=\"text-align: justify;\">Par ailleurs, cette m\u00eame ann\u00e9e, une premi\u00e8re mission s\u2019est d\u00e9roul\u00e9e du 31 d\u00e9cembre 1949 au 6 f\u00e9vrier 1951 sur l\u2019\u00eele d\u2019Amsterdam. L\u2019\u00e9quipe radio, compos\u00e9e de M. Henri Delsalle, responsable de la station radio, Louis Felard et Alex Parent, op\u00e9rateurs radio, fut autoris\u00e9e \u00e0 transmettre sur les bandes radioamateurs sous l\u2019indicatif FB8ZZ.<\/p>\n<p style=\"text-align: justify;\"><strong>I Objectif du projet :<\/strong><\/p>\n<p style=\"text-align: justify;\">\u00c0 l\u2019occasion du 75\u00e8me anniversaire du premier contact radio dans l\u2019archipel des Kerguelen et de la premi\u00e8re activit\u00e9 radioamateur dans ce district des Terres Australes Fran\u00e7aises, le R\u00e9seau des \u00c9metteurs Fran\u00e7ais (REF), qui c\u00e9l\u00e9brera aussi son centenaire, parraine l\u2019organisation d\u2019une exp\u00e9dition en 2025\/2026. Durant cette exp\u00e9dition, deux radioamateurs fran\u00e7ais entendent r\u00e9aliser les projets suivants depuis la base de Port-aux-Fran\u00e7ais :<\/p>\n<ul style=\"text-align: left;\">\n<li style=\"text-align: justify;\">Offrir la possibilit\u00e9 \u00e0 plus de 40 \u00e9tablissements scolaires de communiquer directement avec les scientifiques pr\u00e9sents sur la base.<\/li>\n<li style=\"text-align: justify;\">Installer une station de mesure scientifique par satellite op\u00e9r\u00e9e par AMSAT France.<\/li>\n<li style=\"text-align: justify;\">Effectuer des tests de communication d\u2019urgence entre l\u2019archipel et le continent.<\/li>\n<li style=\"text-align: justify;\">\u00c9tablir des contacts avec la communaut\u00e9 internationale des radioamateurs sur les bandes autoris\u00e9es pour ce type de trafic.<\/li>\n<\/ul>\n<p style=\"text-align: justify;\"><strong>II. Objectifs du projet :<\/strong><\/p>\n<p style=\"text-align: justify;\">Cette exp\u00e9dition a pour but :<\/p>\n<p style=\"text-align: justify;\">1-Honorer les pionniers qui, il y a soixante-quinze ans, ont pr\u00e9par\u00e9 l\u2019\u00e9tablissement de bases encore aujourd\u2019hui op\u00e9rationnelles dans des conditions difficiles et ardues :<\/p>\n<ul style=\"text-align: left;\">\n<li style=\"text-align: justify;\">Rappeler M. Henri Mobr\u00e9, chef de la station radio durant la campagne pr\u00e9paratoire du 23 novembre 1949 au 8 avril 1950, premier op\u00e9rateur autoris\u00e9 \u00e0 utiliser l\u2019indicatif radioamateur FB8XX attribu\u00e9 au district des Kerguelen.<\/li>\n<li style=\"text-align: justify;\">Rappeler M. Henri Delsalle, chef de la station radio, avec Louis Felard et Alex Parent, op\u00e9rateurs radio de la Mission 01 du 31 d\u00e9cembre 1949 au 6 f\u00e9vrier 1951. Ils furent les premiers op\u00e9rateurs autoris\u00e9s \u00e0 utiliser l\u2019indicatif radioamateur FB8ZZ attribu\u00e9 au district d\u2019Amsterdam.<\/li>\n<\/ul>\n<p style=\"text-align: justify;\">2-Faire conna\u00eetre ou sensibiliser les jeunes et moins jeunes Fran\u00e7ais, ainsi que la communaut\u00e9 internationale des radioamateurs, \u00e0 l\u2019un des districts des Terres Australes Fran\u00e7aises, class\u00e9 au patrimoine mondial de l\u2019UNESCO.<\/p>\n<p style=\"text-align: justify;\">3-Faire conna\u00eetre \u00e0 un public plus large le r\u00f4le essentiel de ce sanctuaire de biodiversit\u00e9, tant en termes de faune que de flore.<\/p>\n<p style=\"text-align: justify;\">4-Souligner l\u2019importance des activit\u00e9s scientifiques de cette base en collaboration avec l\u2019IPEV.<\/p>\n<p style=\"text-align: justify;\"><a href=\"https:\/\/kerg-2025.r-e-f.org\/\">https:\/\/kerg-2025.r-e-f.org\/<\/a><\/p>\n<p style=\"text-align: justify;\">73, &#8211; Claude ON4CN<\/p>\n<p style=\"text-align: justify;\">Info de la Source de EA1CS <a href=\"http:\/\/ea1cs.blogspot.com\/\" target=\"_blank\" rel=\"noopener\"><b><span style=\"color: #0000ff;\"> ICI<\/span><\/b><\/a><\/p>\n<\/article>\n","protected":false},"excerpt":{"rendered":"<p>Article traduite en Fran\u00e7ais via Google Translate Information Projet DXpedition Kerguelen 2025 Le 17\/07\/2025 (Rappel) (Thierry \u2013 F6CUK \/ 6 JANVIER 2025) Projet d\u2019exp\u00e9dition Dx dans l\u2019archipel des Kerguelen 1 \u2013 Situation actuelle. De plus en plus d\u2019amis m\u2019ont demand\u00e9 des informations sur le projet d\u2019exp\u00e9dition aux Kerguelen. Cela fait d\u00e9j\u00e0 deux ans que j\u2019ai &hellip; <a href=\"http:\/\/www.on4cn.be\/blog_radio\/2025\/07\/17\/information-projet-dxpedition-kerguelen-2025\/\" class=\"more-link\">Continuer la lecture<span class=\"screen-reader-text\"> de &laquo;&nbsp;Information Projet DXpedition Kerguelen 2025&nbsp;&raquo;<\/span><\/a><\/p>\n","protected":false},"author":1,"featured_media":0,"comment_status":"open","ping_status":"open","sticky":false,"template":"","format":"standard","meta":{"footnotes":""},"categories":[11,21,22,17,24,25],"tags":[],"class_list":["post-21888","post","type-post","status-publish","format-standard","hentry","category-dx","category-dxpedition","category-infos-dx","category-iota","category-trafic-radio","category-trafic-radioamatuer"],"_links":{"self":[{"href":"http:\/\/www.on4cn.be\/blog_radio\/wp-json\/wp\/v2\/posts\/21888","targetHints":{"allow":["GET"]}}],"collection":[{"href":"http:\/\/www.on4cn.be\/blog_radio\/wp-json\/wp\/v2\/posts"}],"about":[{"href":"http:\/\/www.on4cn.be\/blog_radio\/wp-json\/wp\/v2\/types\/post"}],"author":[{"embeddable":true,"href":"http:\/\/www.on4cn.be\/blog_radio\/wp-json\/wp\/v2\/users\/1"}],"replies":[{"embeddable":true,"href":"http:\/\/www.on4cn.be\/blog_radio\/wp-json\/wp\/v2\/comments?post=21888"}],"version-history":[{"count":1,"href":"http:\/\/www.on4cn.be\/blog_radio\/wp-json\/wp\/v2\/posts\/21888\/revisions"}],"predecessor-version":[{"id":21889,"href":"http:\/\/www.on4cn.be\/blog_radio\/wp-json\/wp\/v2\/posts\/21888\/revisions\/21889"}],"wp:attachment":[{"href":"http:\/\/www.on4cn.be\/blog_radio\/wp-json\/wp\/v2\/media?parent=21888"}],"wp:term":[{"taxonomy":"category","embeddable":true,"href":"http:\/\/www.on4cn.be\/blog_radio\/wp-json\/wp\/v2\/categories?post=21888"},{"taxonomy":"post_tag","embeddable":true,"href":"http:\/\/www.on4cn.be\/blog_radio\/wp-json\/wp\/v2\/tags?post=21888"}],"curies":[{"name":"wp","href":"https:\/\/api.w.org\/{rel}","templated":true}]}}