{"id":21836,"date":"2025-07-11T07:00:39","date_gmt":"2025-07-11T05:00:39","guid":{"rendered":"http:\/\/www.on4cn.be\/blog_radio\/?p=21836"},"modified":"2025-07-11T07:00:39","modified_gmt":"2025-07-11T05:00:39","slug":"diagramme-de-rayonnement-apres-ajout-de-radiales","status":"publish","type":"post","link":"http:\/\/www.on4cn.be\/blog_radio\/2025\/07\/11\/diagramme-de-rayonnement-apres-ajout-de-radiales\/","title":{"rendered":"Diagramme de rayonnement apr\u00e8s ajout de radiales"},"content":{"rendered":"<article class=\"article\">\n<center><strong><span style=\"color: #ff0000;\"><\/p>\n<p><img loading=\"lazy\" decoding=\"async\" src=\"http:\/\/www.ufrc.org\/wp-content\/uploads\/2022\/12\/amateur-radio-logo.jpg\" width=\"80\" height=\"100\" \/> AmateurRadio.com<\/p>\n<p><\/span><\/strong><\/center><br \/>\n<center><b><span style=\"color: #0000ff;\">Article traduite en Fran\u00e7ais via Google Translate<\/b><\/center><\/p>\n<p style=\"text-align: center;\"><strong><span style=\"color: #ff0000;\">Diagramme de rayonnement apr\u00e8s ajout de radiales<\/span><\/strong><\/p>\n<p><b>Le 11\/07\/2025<\/b><\/p>\n<p><img loading=\"lazy\" decoding=\"async\" src=\"https:\/\/www.amateurradio.com\/wp-content\/themes\/amateurradio_3_3\/images\/PostDateIcon.png\" width=\"17\" height=\"18\" alt=\"\"> 10 juillet 2025 | par <a href=\"https:\/\/ve3wdm.blogspot.com\" target=\"_blank\">Mike VE9KK<\/a> | <a href=\"https:\/\/www.amateurradio.com\/radiation-pattern-after-adding-radials\/#leaveacomment\">Laisser un commentaire<\/a> (<a href=\"https:\/\/www.amateurradio.com\/radiation-pattern-after-adding-radials\/#comments\">0<\/a>)<\/p>\n<p>L\u2019autre jour, j\u2019ai affront\u00e9 la chaleur pour installer davantage de radiales pour mon antenne Hustler 4BTV. Il me restait du fil de calibre 14 que j\u2019avais utilis\u00e9 lors de la premi\u00e8re installation, et depuis un certain temps, je pr\u00e9voyais d\u2019ajouter le reste \u2014 c\u2019est maintenant chose faite. J\u2019ai ajout\u00e9 environ 15 radiales suppl\u00e9mentaires, portant le total \u00e0 pr\u00e8s de 40. Apr\u00e8s l\u2019installation, je me suis demand\u00e9 si le diagramme de rayonnement avait chang\u00e9. J\u2019ai connect\u00e9 mon <a href=\"https:\/\/www.zachtek.com\/1012\">\u00e9metteur WSPR<\/a> pendant 24 heures. Pour une raison quelconque, il n\u2019\u00e9mettait que sur les bandes 20 et 40 m\u00e8tres. J\u2019ai d\u00e9couvert que j\u2019avais oubli\u00e9 de sauvegarder les param\u00e8tres, et la configuration \u00e9tait celle de la derni\u00e8re utilisation. Je ne dispose donc pour le moment que de donn\u00e9es sur ces deux bandes.<\/p>\n<p>Voici ci-dessous les diagrammes avant l\u2019ajout des radiales :<\/p>\n<p style=\"text-align: center;\">\n  <a href=\"https:\/\/blogger.googleusercontent.com\/img\/b\/R29vZ2xl\/AVvXsEgSaLBPsCds1Mh2mqDe8I-nKMPRKCWwRnW1oxrw9kCYliZoxwJ4lgtiWPeMPPdY62qJQjywb6qml691W7sL6wsS_rkFZQ1G8t0NXKVaW1icbETMv1yLqhTG9TkwD3xE2Vnc44FKNlEJfAnzFR-nEI-ITOzshnkKpNSaihxoPq_gZSvhLE4jSjNckf0Cnc0\/s738\/BTV7mhzantennapattern.PNG\"><br \/>\n    <img decoding=\"async\" src=\"https:\/\/blogger.googleusercontent.com\/img\/b\/R29vZ2xl\/AVvXsEgSaLBPsCds1Mh2mqDe8I-nKMPRKCWwRnW1oxrw9kCYliZoxwJ4lgtiWPeMPPdY62qJQjywb6qml691W7sL6wsS_rkFZQ1G8t0NXKVaW1icbETMv1yLqhTG9TkwD3xE2Vnc44FKNlEJfAnzFR-nEI-ITOzshnkKpNSaihxoPq_gZSvhLE4jSjNckf0Cnc0\/s320\/BTV7mhzantennapattern.PNG\" width=\"294\" alt=\"Diagramme avant radiales 7m\"><br \/>\n  <\/a><\/p>\n<p style=\"text-align: center;\">\n  <a href=\"https:\/\/blogger.googleusercontent.com\/img\/b\/R29vZ2xl\/AVvXsEieBnr0OiMjQ6bBH5JErbMfqRiPLXbfXFJ8W7RGgqe8-LjaQEQuPp1Lu5J4wJIE70u8UghjWcnTkZ9zpmXYjtonxG5aBFqPlm1kw9QQ-oEwluIxRLARDTOxSDL9UKbeGL_g_ud4hMQRfyBV4qG3mz_kHs6CBX_KciAZclHw9FgSBYiJQEHCPvnBlFTmZms\/s723\/BTV14mhzantennapattern.PNG\"><br \/>\n    <img decoding=\"async\" src=\"https:\/\/blogger.googleusercontent.com\/img\/b\/R29vZ2xl\/AVvXsEieBnr0OiMjQ6bBH5JErbMfqRiPLXbfXFJ8W7RGgqe8-LjaQEQuPp1Lu5J4wJIE70u8UghjWcnTkZ9zpmXYjtonxG5aBFqPlm1kw9QQ-oEwluIxRLARDTOxSDL9UKbeGL_g_ud4hMQRfyBV4qG3mz_kHs6CBX_KciAZclHw9FgSBYiJQEHCPvnBlFTmZms\/s320\/BTV14mhzantennapattern.PNG\" width=\"293\" alt=\"Diagramme avant radiales 14m\"><br \/>\n  <\/a><\/p>\n<p>Apr\u00e8s la mise \u00e0 niveau des radiales :<\/p>\n<p style=\"text-align: center;\">\n  <a href=\"https:\/\/blogger.googleusercontent.com\/img\/b\/R29vZ2xl\/AVvXsEiF6JV-h7aR30ywcUDD2EDJjhF6TGnyX1KHBrjqrb9hezPp9LQJOxjqYQ5HzpBxR5AALWDHLKEA_j-2Kluaf-gTgnpMLhvhBVr4NkVUkXTlvXtRK6rLXHlR_JVRrbe1QYx2dSDn8h4gVNIlsGZ1SstBVh3fBi5hOXp0orWeN5O5QYROZCmpc3DITDjhGIo\/s749\/20mradpatternaftermoreradials.PNG\"><br \/>\n    <img decoding=\"async\" src=\"https:\/\/blogger.googleusercontent.com\/img\/b\/R29vZ2xl\/AVvXsEiF6JV-h7aR30ywcUDD2EDJjhF6TGnyX1KHBrjqrb9hezPp9LQJOxjqYQ5HzpBxR5AALWDHLKEA_j-2Kluaf-gTgnpMLhvhBVr4NkVUkXTlvXtRK6rLXHlR_JVRrbe1QYx2dSDn8h4gVNIlsGZ1SstBVh3fBi5hOXp0orWeN5O5QYROZCmpc3DITDjhGIo\/s320\/20mradpatternaftermoreradials.PNG\" width=\"320\" alt=\"Diagramme apr\u00e8s radiales 20m\"><br \/>\n  <\/a><\/p>\n<p style=\"text-align: center;\">\n  <a href=\"https:\/\/blogger.googleusercontent.com\/img\/b\/R29vZ2xl\/AVvXsEiTWE-eF0y-u5U5iNSwfnEZv40E4JVag2jP8nmP2KtP8N02SFmeuJCDZn06x7RL_L6n36JYSS1X5qJcNAZAORziwXy4cxs8tok7iEG-R2l18P2oBiXR6E97p2AsF-9w1FmPNTXeUi21JGjCM2yyZuRA2yMLWDPHO396sJBKi4XhjjXZapj7LSrsuUYwdYs\/s812\/40mattenaradpatternaftermoreradials.PNG\"><br \/>\n    <img decoding=\"async\" src=\"https:\/\/blogger.googleusercontent.com\/img\/b\/R29vZ2xl\/AVvXsEiTWE-eF0y-u5U5iNSwfnEZv40E4JVag2jP8nmP2KtP8N02SFmeuJCDZn06x7RL_L6n36JYSS1X5qJcNAZAORziwXy4cxs8tok7iEG-R2l18P2oBiXR6E97p2AsF-9w1FmPNTXeUi21JGjCM2yyZuRA2yMLWDPHO396sJBKi4XhjjXZapj7LSrsuUYwdYs\/s320\/40mattenaradpatternaftermoreradials.PNG\" width=\"320\" alt=\"Diagramme apr\u00e8s radiales 40m\"><br \/>\n  <\/a><\/p>\n<p><strong><a href=\"https:\/\/ve3wdm.blogspot.com\/\">Mike Weir, VE9KK<\/a><\/strong>, est un contributeur r\u00e9gulier sur AmateurRadio.com et \u00e9crit depuis le Nouveau-Brunswick, Canada. Vous pouvez le contacter \u00e0 l\u2019adresse : <a href=\"mailto:ve9kk@hotmail.com\">ve9kk@hotmail.com<\/a>.<\/p>\n<p>Info de la Source Publi\u00e9 <a href=\"https:\/\/www.amateurradio.com\/\" target=\"_blank\"><b><span style=\"color: #ff0000;\"> * ICI<\/span><\/b><\/a><\/p>\n<\/article>\n","protected":false},"excerpt":{"rendered":"<p>AmateurRadio.com Article traduite en Fran\u00e7ais via Google Translate Diagramme de rayonnement apr\u00e8s ajout de radiales Le 11\/07\/2025 10 juillet 2025 | par Mike VE9KK | Laisser un commentaire (0) L\u2019autre jour, j\u2019ai affront\u00e9 la chaleur pour installer davantage de radiales pour mon antenne Hustler 4BTV. Il me restait du fil de calibre 14 que j\u2019avais &hellip; <a href=\"http:\/\/www.on4cn.be\/blog_radio\/2025\/07\/11\/diagramme-de-rayonnement-apres-ajout-de-radiales\/\" class=\"more-link\">Continuer la lecture<span class=\"screen-reader-text\"> de &laquo;&nbsp;Diagramme de rayonnement apr\u00e8s ajout de radiales&nbsp;&raquo;<\/span><\/a><\/p>\n","protected":false},"author":1,"featured_media":0,"comment_status":"open","ping_status":"open","sticky":false,"template":"","format":"standard","meta":{"footnotes":""},"categories":[2,35,24,25],"tags":[],"class_list":["post-21836","post","type-post","status-publish","format-standard","hentry","category-antennes","category-info","category-trafic-radio","category-trafic-radioamatuer"],"_links":{"self":[{"href":"http:\/\/www.on4cn.be\/blog_radio\/wp-json\/wp\/v2\/posts\/21836","targetHints":{"allow":["GET"]}}],"collection":[{"href":"http:\/\/www.on4cn.be\/blog_radio\/wp-json\/wp\/v2\/posts"}],"about":[{"href":"http:\/\/www.on4cn.be\/blog_radio\/wp-json\/wp\/v2\/types\/post"}],"author":[{"embeddable":true,"href":"http:\/\/www.on4cn.be\/blog_radio\/wp-json\/wp\/v2\/users\/1"}],"replies":[{"embeddable":true,"href":"http:\/\/www.on4cn.be\/blog_radio\/wp-json\/wp\/v2\/comments?post=21836"}],"version-history":[{"count":1,"href":"http:\/\/www.on4cn.be\/blog_radio\/wp-json\/wp\/v2\/posts\/21836\/revisions"}],"predecessor-version":[{"id":21837,"href":"http:\/\/www.on4cn.be\/blog_radio\/wp-json\/wp\/v2\/posts\/21836\/revisions\/21837"}],"wp:attachment":[{"href":"http:\/\/www.on4cn.be\/blog_radio\/wp-json\/wp\/v2\/media?parent=21836"}],"wp:term":[{"taxonomy":"category","embeddable":true,"href":"http:\/\/www.on4cn.be\/blog_radio\/wp-json\/wp\/v2\/categories?post=21836"},{"taxonomy":"post_tag","embeddable":true,"href":"http:\/\/www.on4cn.be\/blog_radio\/wp-json\/wp\/v2\/tags?post=21836"}],"curies":[{"name":"wp","href":"https:\/\/api.w.org\/{rel}","templated":true}]}}