{"id":21788,"date":"2025-07-06T06:55:42","date_gmt":"2025-07-06T04:55:42","guid":{"rendered":"https:\/\/www.on4cn.be\/blog_radio\/?p=21788"},"modified":"2025-07-06T06:55:42","modified_gmt":"2025-07-06T04:55:42","slug":"information-zd7tim-sta-helena-is","status":"publish","type":"post","link":"http:\/\/www.on4cn.be\/blog_radio\/2025\/07\/06\/information-zd7tim-sta-helena-is\/","title":{"rendered":"Information ZD7TIM, Sta Helena Is."},"content":{"rendered":"<article class=\"article\">\n<center><b><span style=\"color: #0000ff;\">Article traduite en Fran\u00e7ais via Google Translate<\/b><\/span><\/center><br \/> <br \/>\n<center><strong><span style=\"color: #ff0000;\">Information ZD7TIM, Sta Helena Is.<\/span><\/strong><\/center><\/p>\n<p style=\"text-align: center;\"><img loading=\"lazy\" decoding=\"async\" src=\"https:\/\/blogger.googleusercontent.com\/img\/b\/R29vZ2xl\/AVvXsEi_vYt4Zd55YSk2rkpG8lgm-6vNabj907KriSLcmv6NmSX0fDKRoLRulnYeuDAbkblkf1GRRkGMdtk41bclKJ6D95EsQcNt1d_Jl8zzFmwXmDMLoKkeyFz5iRo9QhUxEG7XX0akKPPXOLIniJRSsv1Bih4d5UYQNaBoEZKNafIqPxmeQnYX-C6p\/s16000\/zd7tim.jpg\" width=\"600\" height=\"300\" \/><\/p>\n<p><b>Le 05\/07\/2025 <\/b><\/p>\n<p><b>RAPPEL<\/b> Du 5 au 13 juillet 2025, Tim &#8211; N0UI visitera l&rsquo;\u00eele de Sainte-H\u00e9l\u00e8ne. QRV en tant que <b>ZD7TIM<\/b> de 10 \u00e0 40m (peut-\u00eatre 6m) en CW, SSB et RTTY. Il participera les 12 et 13 juillet au Championnat IARU HF dans la cat\u00e9gorie Single-Op\/CW-mode\/Low-Power.<\/p>\n<p style=\"text-align: justify;\">QSL via LoTW et N0UI.<\/p>\n<p style=\"text-align: justify;\">73, &#8211; Claude ON4CN<\/p>\n<p style=\"text-align: justify;\">Info de la Source de EA1CS <a href=\"http:\/\/ea1cs.blogspot.com\/\" target=\"_blank\" rel=\"noopener\"><b><span style=\"color: #0000ff;\"> ICI<\/span><\/b><\/a><\/p>\n<\/article>\n","protected":false},"excerpt":{"rendered":"<p>Article traduite en Fran\u00e7ais via Google Translate Information ZD7TIM, Sta Helena Is. Le 05\/07\/2025 RAPPEL Du 5 au 13 juillet 2025, Tim &#8211; N0UI visitera l&rsquo;\u00eele de Sainte-H\u00e9l\u00e8ne. QRV en tant que ZD7TIM de 10 \u00e0 40m (peut-\u00eatre 6m) en CW, SSB et RTTY. Il participera les 12 et 13 juillet au Championnat IARU HF &hellip; <a href=\"http:\/\/www.on4cn.be\/blog_radio\/2025\/07\/06\/information-zd7tim-sta-helena-is\/\" class=\"more-link\">Continuer la lecture<span class=\"screen-reader-text\"> de &laquo;&nbsp;Information ZD7TIM, Sta Helena Is.&nbsp;&raquo;<\/span><\/a><\/p>\n","protected":false},"author":1,"featured_media":0,"comment_status":"open","ping_status":"open","sticky":false,"template":"","format":"standard","meta":{"footnotes":""},"categories":[11,22,24,25],"tags":[],"class_list":["post-21788","post","type-post","status-publish","format-standard","hentry","category-dx","category-infos-dx","category-trafic-radio","category-trafic-radioamatuer"],"_links":{"self":[{"href":"http:\/\/www.on4cn.be\/blog_radio\/wp-json\/wp\/v2\/posts\/21788","targetHints":{"allow":["GET"]}}],"collection":[{"href":"http:\/\/www.on4cn.be\/blog_radio\/wp-json\/wp\/v2\/posts"}],"about":[{"href":"http:\/\/www.on4cn.be\/blog_radio\/wp-json\/wp\/v2\/types\/post"}],"author":[{"embeddable":true,"href":"http:\/\/www.on4cn.be\/blog_radio\/wp-json\/wp\/v2\/users\/1"}],"replies":[{"embeddable":true,"href":"http:\/\/www.on4cn.be\/blog_radio\/wp-json\/wp\/v2\/comments?post=21788"}],"version-history":[{"count":1,"href":"http:\/\/www.on4cn.be\/blog_radio\/wp-json\/wp\/v2\/posts\/21788\/revisions"}],"predecessor-version":[{"id":21789,"href":"http:\/\/www.on4cn.be\/blog_radio\/wp-json\/wp\/v2\/posts\/21788\/revisions\/21789"}],"wp:attachment":[{"href":"http:\/\/www.on4cn.be\/blog_radio\/wp-json\/wp\/v2\/media?parent=21788"}],"wp:term":[{"taxonomy":"category","embeddable":true,"href":"http:\/\/www.on4cn.be\/blog_radio\/wp-json\/wp\/v2\/categories?post=21788"},{"taxonomy":"post_tag","embeddable":true,"href":"http:\/\/www.on4cn.be\/blog_radio\/wp-json\/wp\/v2\/tags?post=21788"}],"curies":[{"name":"wp","href":"https:\/\/api.w.org\/{rel}","templated":true}]}}