{"id":2097,"date":"2016-07-14T06:55:51","date_gmt":"2016-07-14T05:55:51","guid":{"rendered":"http:\/\/www.on4cn.be\/blog_radio\/?p=2097"},"modified":"2016-07-14T06:55:51","modified_gmt":"2016-07-14T05:55:51","slug":"expedition-f8uft-mont-blanc-2016","status":"publish","type":"post","link":"http:\/\/www.on4cn.be\/blog_radio\/2016\/07\/14\/expedition-f8uft-mont-blanc-2016\/","title":{"rendered":"Exp\u00e9dition F8UFT Mont Blanc 2016"},"content":{"rendered":"<article class=\"article\">\n<center><strong><span style=\"color: #ff0000;\"><\/p>\n<h4>Exp\u00e9dition F8UFT Mont Blanc 2016 du 20 au 21\/08\/2016! Rappel!<\/h4>\n<p><\/span><\/strong><\/center><br \/>\n<!-- article-content --><\/p>\n<p style=\"text-align: justify;\"><a href=\"http:\/\/www.radioamateurs.news.sciencesfrance.fr\/wp-content\/uploads\/2016\/03\/F8UFT-Mont-Blanc-2016.jpg\" rel=\"attachment wp-att-73962\"><img loading=\"lazy\" decoding=\"async\" class=\"alignleft wp-image-73962\" src=\"http:\/\/www.radioamateurs.news.sciencesfrance.fr\/wp-content\/uploads\/2016\/03\/F8UFT-Mont-Blanc-2016.jpg\" alt=\"F8UFT-Mont-Blanc-2016\" width=\"145\" height=\"145\" srcset=\"http:\/\/www.radioamateurs.news.sciencesfrance.fr\/wp-content\/uploads\/2016\/03\/F8UFT-Mont-Blanc-2016-150x150.jpg 150w, http:\/\/www.radioamateurs.news.sciencesfrance.fr\/wp-content\/uploads\/2016\/03\/F8UFT-Mont-Blanc-2016-300x300.jpg 300w, http:\/\/www.radioamateurs.news.sciencesfrance.fr\/wp-content\/uploads\/2016\/03\/F8UFT-Mont-Blanc-2016.jpg 388w\" sizes=\"auto, (max-width: 145px) 100vw, 145px\" \/><\/a>J\u2019ai donc appel\u00e9 le Refuge de T\u00eate Rousse (3167 m), qui est complet jusqu\u2019au 19 Ao\u00fbt. Par contre j\u2019ai p\u00fb r\u00e9server pour les 20 et 21 Ao\u00fbt 2016 pour 10 personnes, car il y avait de la place. Ces nouvelles conditions vont nous amener \u00e0 rebattre toutes les cartes au niveau du projet de faire de la radio au sommet du Mont-Blanc.<br \/>\nSi nous partons de T\u00eate Rousse \u00e0 03H00 du matin, il faut compter au minimum 09H00 pour arriver au sommet du Mont-Blanc, car il faudra gravir l\u2019Aiguille du Go\u00fbter et faire une pose au sommet. Ensuite effectuer le parcours de l\u2019Aiguille du Go\u00fbter au sommet du Mont-Blanc. Ensuite il faudra redescendre \u00e0 T\u00eate Rousse en tenant compte de la fatigue. \u00c7a nous laissera peu de temps pour faire de la radio. C\u2019est la seule possibilit\u00e9 qui s\u2019offre \u00e0 nous, sinon il fallait annuler l\u2019exp\u00e9dition.<br \/>\nEn montagne, rien n\u2019est jamais gagn\u00e9, il faut s\u2019adapter \u00e0 la situation et faire face \u00e0 tous les \u00e9v\u00e8nements qui ne manquent pas de se pr\u00e9senter.<br \/>\n<span style=\"color: #800000;\"><strong>Programme :<\/strong><\/span><\/p>\n<ul>\n<li>Le 20 Ao\u00fbt, nous montons au Refuge de T\u00eate Rousse, o\u00f9 nous passons la nuit.<\/li>\n<li>Le 21 Ao\u00fbt nous partons \u00e0 03H00 du refuge pour atteindre le Mont-Blanc.<\/li>\n<li>Le 21 Ao\u00fbt nous passons la nuit au refuge.<\/li>\n<li>Le 22 Ao\u00fbt nous redescendons dans la vall\u00e9e.<\/li>\n<\/ul>\n<p>Je vous souhaite \u00e0 tous une bonne r\u00e9alisation de projet, m\u00eame si le contexte est diff\u00e9rent.<br \/>\nBien cordialement \u00e0 tous et toutes mes 73. F6IGY &#8211; Andr\u00e9<\/p>\n<p style=\"text-align: justify;\">Nous avons \u00e9galement ouvert un post sur l\u2019exp\u00e9dition sur le forum du FAR<a href=\"http:\/\/radioamateur.clicforum.fr\/f189-Activation-Mont-Blanc-2016.htm\" target=\"_blank\"><span style=\"text-decoration: underline;\"><span style=\"color: #0000ff; text-decoration: underline;\"><strong> ICI<\/strong> <\/span><\/span><\/a>:<\/p>\n<p style=\"text-align: justify;\">Source <a href=\"http:\/\/www.uft.net\/\" target=\"_blank\"><span style=\"text-decoration: underline;\"><span style=\"color: #0000ff; text-decoration: underline;\"><strong>UFT ICI<\/strong><\/span><\/span><\/a><\/p>\n<\/article>\n","protected":false},"excerpt":{"rendered":"<p>Exp\u00e9dition F8UFT Mont Blanc 2016 du 20 au 21\/08\/2016! Rappel! J\u2019ai donc appel\u00e9 le Refuge de T\u00eate Rousse (3167 m), qui est complet jusqu\u2019au 19 Ao\u00fbt. Par contre j\u2019ai p\u00fb r\u00e9server pour les 20 et 21 Ao\u00fbt 2016 pour 10 personnes, car il y avait de la place. Ces nouvelles conditions vont nous amener \u00e0 &hellip; <a href=\"http:\/\/www.on4cn.be\/blog_radio\/2016\/07\/14\/expedition-f8uft-mont-blanc-2016\/\" class=\"more-link\">Continuer la lecture<span class=\"screen-reader-text\"> de &laquo;&nbsp;Exp\u00e9dition F8UFT Mont Blanc 2016&nbsp;&raquo;<\/span><\/a><\/p>\n","protected":false},"author":1,"featured_media":0,"comment_status":"open","ping_status":"open","sticky":false,"template":"","format":"standard","meta":{"footnotes":""},"categories":[10,24,25],"tags":[],"class_list":["post-2097","post","type-post","status-publish","format-standard","hentry","category-infos","category-trafic-radio","category-trafic-radioamatuer"],"_links":{"self":[{"href":"http:\/\/www.on4cn.be\/blog_radio\/wp-json\/wp\/v2\/posts\/2097","targetHints":{"allow":["GET"]}}],"collection":[{"href":"http:\/\/www.on4cn.be\/blog_radio\/wp-json\/wp\/v2\/posts"}],"about":[{"href":"http:\/\/www.on4cn.be\/blog_radio\/wp-json\/wp\/v2\/types\/post"}],"author":[{"embeddable":true,"href":"http:\/\/www.on4cn.be\/blog_radio\/wp-json\/wp\/v2\/users\/1"}],"replies":[{"embeddable":true,"href":"http:\/\/www.on4cn.be\/blog_radio\/wp-json\/wp\/v2\/comments?post=2097"}],"version-history":[{"count":0,"href":"http:\/\/www.on4cn.be\/blog_radio\/wp-json\/wp\/v2\/posts\/2097\/revisions"}],"wp:attachment":[{"href":"http:\/\/www.on4cn.be\/blog_radio\/wp-json\/wp\/v2\/media?parent=2097"}],"wp:term":[{"taxonomy":"category","embeddable":true,"href":"http:\/\/www.on4cn.be\/blog_radio\/wp-json\/wp\/v2\/categories?post=2097"},{"taxonomy":"post_tag","embeddable":true,"href":"http:\/\/www.on4cn.be\/blog_radio\/wp-json\/wp\/v2\/tags?post=2097"}],"curies":[{"name":"wp","href":"https:\/\/api.w.org\/{rel}","templated":true}]}}