{"id":2014,"date":"2016-07-05T04:48:18","date_gmt":"2016-07-05T03:48:18","guid":{"rendered":"http:\/\/www.on4cn.be\/blog_radio\/?p=2014"},"modified":"2016-07-05T04:48:18","modified_gmt":"2016-07-05T03:48:18","slug":"dm88ylf-indicatif-special","status":"publish","type":"post","link":"http:\/\/www.on4cn.be\/blog_radio\/2016\/07\/05\/dm88ylf-indicatif-special\/","title":{"rendered":"DM88YLF Indicatif Sp\u00e9cial"},"content":{"rendered":"<article class=\"article\">\n<center><strong><span style=\"color: #ff0000;\"><\/p>\n<h3>DM88YLF Indicatif Sp\u00e9cial du 1er au 31\/07\/2016!<\/h3>\n<p><\/span><\/strong><\/center><\/p>\n<p style=\"text-align: justify;\"> <img loading=\"lazy\" decoding=\"async\" class=\"alignleft  wp-image-78814\" src=\"http:\/\/www.radioamateurs.news.sciencesfrance.fr\/wp-content\/uploads\/2016\/07\/DM88YLF-300x196.jpeg\" alt=\"DM88YLF\" width=\"223\" height=\"146\" srcset=\"http:\/\/www.radioamateurs.news.sciencesfrance.fr\/wp-content\/uploads\/2016\/07\/DM88YLF-300x196.jpeg 300w, http:\/\/www.radioamateurs.news.sciencesfrance.fr\/wp-content\/uploads\/2016\/07\/DM88YLF.jpeg 680w\" sizes=\"auto, (max-width: 223px) 100vw, 223px\" \/>Le DM88YLF Indicatif  sp\u00e9cial QRV du 1er Juillet au 31 Juillet 2016.<\/p>\n<p style=\"text-align: justify;\">Une amiti\u00e9 rencontre entre jeunes apprenants fran\u00e7ais et allemands se produira.<\/p>\n<p style=\"text-align: justify;\">DM88YLF sera QRV simultan\u00e9e avec TM88YL.<\/p>\n<p style=\"text-align: justify;\">Voir &laquo;&nbsp;QRZ.com&nbsp;&raquo; <span style=\"text-decoration: underline;\"><span style=\"color: #0000ff;\"><strong><a href=\"https:\/\/www.qrz.com\/lookup\" target=\"_blank\"><strong><span style=\"color: #0000ff;\"> ICI<\/span><\/strong><\/a><\/strong> <\/span><\/span><\/p>\n<p style=\"text-align: justify;\">YL-op\u00e9rateurs sont les suivants :<\/p>\n<p style=\"text-align: justify;\">DL5YL , Tina (CW)<\/p>\n<p style=\"text-align: justify;\">DJ5YL , Joana (SSB)<\/p>\n<p style=\"text-align: justify;\">DL \/ F4DHQ , Sophie (SSB)<\/p>\n<p style=\"text-align: justify;\">DK2YL , Siggi (SSB, Digi-modes)<\/p>\n<\/article>\n","protected":false},"excerpt":{"rendered":"<p>DM88YLF Indicatif Sp\u00e9cial du 1er au 31\/07\/2016! Le DM88YLF Indicatif sp\u00e9cial QRV du 1er Juillet au 31 Juillet 2016. Une amiti\u00e9 rencontre entre jeunes apprenants fran\u00e7ais et allemands se produira. DM88YLF sera QRV simultan\u00e9e avec TM88YL. Voir &laquo;&nbsp;QRZ.com&nbsp;&raquo; ICI YL-op\u00e9rateurs sont les suivants : DL5YL , Tina (CW) DJ5YL , Joana (SSB) DL \/ F4DHQ &hellip; <a href=\"http:\/\/www.on4cn.be\/blog_radio\/2016\/07\/05\/dm88ylf-indicatif-special\/\" class=\"more-link\">Continuer la lecture<span class=\"screen-reader-text\"> de &laquo;&nbsp;DM88YLF Indicatif Sp\u00e9cial&nbsp;&raquo;<\/span><\/a><\/p>\n","protected":false},"author":1,"featured_media":0,"comment_status":"open","ping_status":"open","sticky":false,"template":"","format":"standard","meta":{"footnotes":""},"categories":[10,24,25],"tags":[],"class_list":["post-2014","post","type-post","status-publish","format-standard","hentry","category-infos","category-trafic-radio","category-trafic-radioamatuer"],"_links":{"self":[{"href":"http:\/\/www.on4cn.be\/blog_radio\/wp-json\/wp\/v2\/posts\/2014","targetHints":{"allow":["GET"]}}],"collection":[{"href":"http:\/\/www.on4cn.be\/blog_radio\/wp-json\/wp\/v2\/posts"}],"about":[{"href":"http:\/\/www.on4cn.be\/blog_radio\/wp-json\/wp\/v2\/types\/post"}],"author":[{"embeddable":true,"href":"http:\/\/www.on4cn.be\/blog_radio\/wp-json\/wp\/v2\/users\/1"}],"replies":[{"embeddable":true,"href":"http:\/\/www.on4cn.be\/blog_radio\/wp-json\/wp\/v2\/comments?post=2014"}],"version-history":[{"count":0,"href":"http:\/\/www.on4cn.be\/blog_radio\/wp-json\/wp\/v2\/posts\/2014\/revisions"}],"wp:attachment":[{"href":"http:\/\/www.on4cn.be\/blog_radio\/wp-json\/wp\/v2\/media?parent=2014"}],"wp:term":[{"taxonomy":"category","embeddable":true,"href":"http:\/\/www.on4cn.be\/blog_radio\/wp-json\/wp\/v2\/categories?post=2014"},{"taxonomy":"post_tag","embeddable":true,"href":"http:\/\/www.on4cn.be\/blog_radio\/wp-json\/wp\/v2\/tags?post=2014"}],"curies":[{"name":"wp","href":"https:\/\/api.w.org\/{rel}","templated":true}]}}