{"id":20111,"date":"2024-08-16T07:46:44","date_gmt":"2024-08-16T05:46:44","guid":{"rendered":"http:\/\/www.on4cn.be\/blog_radio\/?p=20111"},"modified":"2024-08-16T07:46:44","modified_gmt":"2024-08-16T05:46:44","slug":"appel-a-candidature-projets-ariss-pour-2eme-semestre-2025","status":"publish","type":"post","link":"http:\/\/www.on4cn.be\/blog_radio\/2024\/08\/16\/appel-a-candidature-projets-ariss-pour-2eme-semestre-2025\/","title":{"rendered":"Appel \u00e0 candidature \u2013 Projets ARISS pour 2\u00e8me semestre 2025"},"content":{"rendered":"<article class=\"article\">\n<p style=\"text-align: center;\"><img loading=\"lazy\" decoding=\"async\" src=\"https:\/\/www.ariss-f.org\/wp-content\/uploads\/2017\/11\/bandeau_ariss_f_2017.png\" width=\"600\" height=\"100\" \/><\/p>\n<p><center><\/p>\n<h1><a href=\"https:\/\/www.ariss-f.org\/appel-a-candidature-projets-ariss-pour-2eme-semestre-2025\/\" title=\"Permalien vers Appel \u00e0 candidature \u2013 Projets ARISS pour 2\u00e8me semestre 2025\" \nrel=\"bookmark\">Appel \u00e0 candidature \u2013 Projets ARISS pour 2\u00e8me semestre 2025<\/a><\/h1>\n<p><\/center><br \/>\n<center><\/p>\n<h3>Appel \u00e0 candidatures : Contactez un astronaute \u00e0 bord de l\u2019ISS<\/h3>\n<p><\/center><\/p>\n<p style=\"text-align: center;\"><a href=\"https:\/\/www.ariss-f.org\/wp-content\/uploads\/2024\/08\/WhatsApp-Image-2024-08-04-a-16.11.59_8e51c3b7.jpg\"><img fetchpriority=\"high\" decoding=\"async\" \nsrc=\"https:\/\/www.ariss-f.org\/wp-content\/uploads\/2024\/08\/WhatsApp-Image-2024-08-04-a-16.11.59_8e51c3b7.jpg\" class=\"alignleft wp-image-4493\" alt=\"\" width=\"434\" height=\"434\" \nsrcset=\"https:\/\/www.ariss-f.org\/wp-content\/uploads\/2024\/08\/WhatsApp-Image-2024-08-04-a-16.11.59_8e51c3b7.jpg 680w, https:\/\/www.ariss-f.org\/wp-content\/uploads\/2024\/08\/WhatsApp-Image-2024-08-04-a-16.11.59_8e51c3b7-300x300.jpg 300w, https:\/\/www.ariss-f.org\/wp-content\/uploads\/2024\/08\/WhatsApp-Image-2024-08-04-a-16.11.59_8e51c3b7-150x150.jpg 150w, https:\/\/www.ariss-f.org\/wp-content\/uploads\/2024\/08\/WhatsApp-Image-2024-08-04-a-16.11.59_8e51c3b7-624x624.jpg 624w\" sizes=\"(max-width: 434px) 100vw, 434px\"><\/a><br \/>\n<br \/>Vous r\u00eavez de permettre \u00e0 vos \u00e9l\u00e8ves de dialoguer avec un astronaute en direct depuis l\u2019espace ? C\u2019est possible gr\u00e2ce \u00e0 ARISS-France ! Nous lan\u00e7ons aujourd\u2019hui notre appel \u00e0 candidatures<br \/>\npour les \u00e9tablissements scolaires souhaitant organiser un contact radio avec la Station Spatiale Internationale (ISS).<\/p>\n<h2>Dates cl\u00e9s \u00e0 retenir<\/h2>\n<p>\u2013 <strong>Date limite de candidature<\/strong>: 27 octobre 2024<br \/>\n    \u2013 <strong>P\u00e9riode des contacts s\u00e9lectionn\u00e9s<\/strong>: Second semestre 2025<\/p>\n<h2>Comment participer ?<\/h2>\n<p>Pour avoir une chance de vivre cette exp\u00e9rience unique, votre \u00e9tablissement doit pr\u00e9parer un dossier de candidature comprenant :<\/p>\n<p>1. Un projet p\u00e9dagogique ax\u00e9 sur l\u2019espace<br \/>\n    2. Des activit\u00e9s li\u00e9es au radioamateurisme<br \/>\n    3. Un plan m\u00e9diatique r\u00e9aliste pour promouvoir l\u2019\u00e9v\u00e9nement<\/p>\n<h2>Notre engagement<\/h2>\n<p>L\u2019\u00e9quipe ARISS-France s\u2019engage \u00e0 :<\/p>\n<p>\u2013 Apporter son aide et son soutien aux \u00e9quipes candidates<br \/>\n    \u2013 Accompagner les \u00e9tablissements s\u00e9lectionn\u00e9s dans la pr\u00e9paration du contact<\/p>\n<p>Nous vous encourageons vivement \u00e0 nous contacter <strong>avant<\/strong> de d\u00e9poser votre candidature. Cela nous permettra de vous guider efficacement tout au long du processus.<\/p>\n<h2>Pr\u00eat \u00e0 vous lancer ?<\/h2>\n<p>Pour aller plus loin, consultez les pages :<\/p>\n<ul>\n<li><a href=\"https:\/\/www.ariss-f.org\/comment-organiser-un-contact-ariss\/\">Projets p\u00e9dagogiques ARISS | ARISS FRANCOPHONE (ariss-f.org)<\/a><\/li>\n<li><a href=\"https:\/\/www.ariss-f.org\/ressources-pedagogiques\/macro-planning-ariss-contact-direct\/\">Macroplaning d\u2019un projet ARISS avec contact en Direct | ARISS FRANCOPHONE (ariss-f.org)<\/a><\/li>\n<\/ul>\n<p>Pour plus d\u2019informations et pour nous contacter, rendez-vous sur notre page \u00ab <a href=\"https:\/\/www.ariss-f.org\/envoyer-un-email\/\">Nous contacter<\/a> \u00bb.<\/p>\n<p>N\u2019h\u00e9sitez pas \u00e0 nous solliciter d\u00e8s maintenant pour commencer cette aventure spatiale extraordinaire !<\/p>\n<p>\u2014<\/p>\n<p><em>ARISS (Amateur Radio on the International Space Station) est un programme \u00e9ducatif international qui permet aux \u00e9l\u00e8ves du monde entier de communiquer avec les astronautes \u00e0 bord de l\u2019ISS via la radio amateur.<\/em><\/p>\n<p>Info de la Source  <a href=\"https:\/\/www.ariss-f.org\/contact-radioamateur-du-31-01-2024\/\" target=\"_blank\" rel=\"noopener noreferrer\"><b><span style=\"color: #ff0000;\"> * ICI<\/span><\/b><\/a><\/p>\n<\/article>\n","protected":false},"excerpt":{"rendered":"<p>Appel \u00e0 candidature \u2013 Projets ARISS pour 2\u00e8me semestre 2025 Appel \u00e0 candidatures : Contactez un astronaute \u00e0 bord de l\u2019ISS Vous r\u00eavez de permettre \u00e0 vos \u00e9l\u00e8ves de dialoguer avec un astronaute en direct depuis l\u2019espace ? C\u2019est possible gr\u00e2ce \u00e0 ARISS-France ! Nous lan\u00e7ons aujourd\u2019hui notre appel \u00e0 candidatures pour les \u00e9tablissements scolaires &hellip; <a href=\"http:\/\/www.on4cn.be\/blog_radio\/2024\/08\/16\/appel-a-candidature-projets-ariss-pour-2eme-semestre-2025\/\" class=\"more-link\">Continuer la lecture<span class=\"screen-reader-text\"> de &laquo;&nbsp;Appel \u00e0 candidature \u2013 Projets ARISS pour 2\u00e8me semestre 2025&nbsp;&raquo;<\/span><\/a><\/p>\n","protected":false},"author":1,"featured_media":0,"comment_status":"open","ping_status":"open","sticky":false,"template":"","format":"standard","meta":{"footnotes":""},"categories":[35,24,25],"tags":[],"class_list":["post-20111","post","type-post","status-publish","format-standard","hentry","category-info","category-trafic-radio","category-trafic-radioamatuer"],"_links":{"self":[{"href":"http:\/\/www.on4cn.be\/blog_radio\/wp-json\/wp\/v2\/posts\/20111","targetHints":{"allow":["GET"]}}],"collection":[{"href":"http:\/\/www.on4cn.be\/blog_radio\/wp-json\/wp\/v2\/posts"}],"about":[{"href":"http:\/\/www.on4cn.be\/blog_radio\/wp-json\/wp\/v2\/types\/post"}],"author":[{"embeddable":true,"href":"http:\/\/www.on4cn.be\/blog_radio\/wp-json\/wp\/v2\/users\/1"}],"replies":[{"embeddable":true,"href":"http:\/\/www.on4cn.be\/blog_radio\/wp-json\/wp\/v2\/comments?post=20111"}],"version-history":[{"count":1,"href":"http:\/\/www.on4cn.be\/blog_radio\/wp-json\/wp\/v2\/posts\/20111\/revisions"}],"predecessor-version":[{"id":20112,"href":"http:\/\/www.on4cn.be\/blog_radio\/wp-json\/wp\/v2\/posts\/20111\/revisions\/20112"}],"wp:attachment":[{"href":"http:\/\/www.on4cn.be\/blog_radio\/wp-json\/wp\/v2\/media?parent=20111"}],"wp:term":[{"taxonomy":"category","embeddable":true,"href":"http:\/\/www.on4cn.be\/blog_radio\/wp-json\/wp\/v2\/categories?post=20111"},{"taxonomy":"post_tag","embeddable":true,"href":"http:\/\/www.on4cn.be\/blog_radio\/wp-json\/wp\/v2\/tags?post=20111"}],"curies":[{"name":"wp","href":"https:\/\/api.w.org\/{rel}","templated":true}]}}