{"id":1888,"date":"2016-06-26T06:17:57","date_gmt":"2016-06-26T05:17:57","guid":{"rendered":"http:\/\/www.on4cn.be\/blog_radio\/?p=1888"},"modified":"2016-06-26T06:17:57","modified_gmt":"2016-06-26T05:17:57","slug":"tm39rlo","status":"publish","type":"post","link":"http:\/\/www.on4cn.be\/blog_radio\/2016\/06\/26\/tm39rlo\/","title":{"rendered":"TM39RLO"},"content":{"rendered":"<article class=\"article\">\n<center><strong><span style=\"color: #ff0000;\"><\/p>\n<h3>TM39RLO Ruralissimo le 03 juillet \u00e0 St Aubin (Jura 39)!<\/h3>\n<p><\/span><\/strong><\/center><\/p>\n<div class=\"postmetadataheader\">\n<p style=\"text-align: justify;\"><img loading=\"lazy\" decoding=\"async\" class=\"alignleft size-medium wp-image-78458\" src=\"http:\/\/www.radioamateurs.news.sciencesfrance.fr\/wp-content\/uploads\/2016\/06\/Ruralissimo_Bourse_-2016_V3-209x300.jpg\" alt=\"Ruralissimo_Bourse_ 2016_V3\" width=\"209\" height=\"300\" srcset=\"http:\/\/www.radioamateurs.news.sciencesfrance.fr\/wp-content\/uploads\/2016\/06\/Ruralissimo_Bourse_-2016_V3-209x300.jpg 209w, http:\/\/www.radioamateurs.news.sciencesfrance.fr\/wp-content\/uploads\/2016\/06\/Ruralissimo_Bourse_-2016_V3-714x1024.jpg 714w, http:\/\/www.radioamateurs.news.sciencesfrance.fr\/wp-content\/uploads\/2016\/06\/Ruralissimo_Bourse_-2016_V3.jpg 756w\" sizes=\"auto, (max-width: 209px) 100vw, 209px\" \/><br \/>\nJuillet approche, raison pour laquelle Michel F8GGZ, Serge F5SN, Bernard Dailly travaillaient ce 07 juin \u00e0 la pr\u00e9paration de la journ\u00e9e Ruralissimo. Le 03 juillet, une<br \/>\ngrande concentration radio radio-Broc et d\u00e9monstration \u00e9mission aura lieu \u00e0 Saint Aubin (39410) sur la journ\u00e9e. Cette manifestation rod\u00e9e accueille tous les ans plus de 5000<br \/>\npersonnes. Cette ann\u00e9e 2016, il y a une progression des exposants radio Broc et le RA-39 pr\u00e9sentera au public l&rsquo;\u00e9mission d&rsquo;amateurs et ses diff\u00e9rentes<br \/>\nactivit\u00e9s&#8230;.. La suite <a href=\"http:\/\/clubradiotsf.perso.neuf.fr\/collection_radio_club\/pubs\/Les_Manifestations.htm\" target=\"_blank\"><span style=\"text-decoration: underline;\"><strong><span style=\"color: #0000ff; text-decoration: underline;\">  ICI<\/span><\/strong><\/span><\/a><\/p>\n<\/div>\n<\/article>\n","protected":false},"excerpt":{"rendered":"<p>TM39RLO Ruralissimo le 03 juillet \u00e0 St Aubin (Jura 39)! Juillet approche, raison pour laquelle Michel F8GGZ, Serge F5SN, Bernard Dailly travaillaient ce 07 juin \u00e0 la pr\u00e9paration de la journ\u00e9e Ruralissimo. Le 03 juillet, une grande concentration radio radio-Broc et d\u00e9monstration \u00e9mission aura lieu \u00e0 Saint Aubin (39410) sur la journ\u00e9e. Cette manifestation rod\u00e9e &hellip; <a href=\"http:\/\/www.on4cn.be\/blog_radio\/2016\/06\/26\/tm39rlo\/\" class=\"more-link\">Continuer la lecture<span class=\"screen-reader-text\"> de &laquo;&nbsp;TM39RLO&nbsp;&raquo;<\/span><\/a><\/p>\n","protected":false},"author":1,"featured_media":0,"comment_status":"open","ping_status":"open","sticky":false,"template":"","format":"standard","meta":{"footnotes":""},"categories":[10,24,25],"tags":[],"class_list":["post-1888","post","type-post","status-publish","format-standard","hentry","category-infos","category-trafic-radio","category-trafic-radioamatuer"],"_links":{"self":[{"href":"http:\/\/www.on4cn.be\/blog_radio\/wp-json\/wp\/v2\/posts\/1888","targetHints":{"allow":["GET"]}}],"collection":[{"href":"http:\/\/www.on4cn.be\/blog_radio\/wp-json\/wp\/v2\/posts"}],"about":[{"href":"http:\/\/www.on4cn.be\/blog_radio\/wp-json\/wp\/v2\/types\/post"}],"author":[{"embeddable":true,"href":"http:\/\/www.on4cn.be\/blog_radio\/wp-json\/wp\/v2\/users\/1"}],"replies":[{"embeddable":true,"href":"http:\/\/www.on4cn.be\/blog_radio\/wp-json\/wp\/v2\/comments?post=1888"}],"version-history":[{"count":0,"href":"http:\/\/www.on4cn.be\/blog_radio\/wp-json\/wp\/v2\/posts\/1888\/revisions"}],"wp:attachment":[{"href":"http:\/\/www.on4cn.be\/blog_radio\/wp-json\/wp\/v2\/media?parent=1888"}],"wp:term":[{"taxonomy":"category","embeddable":true,"href":"http:\/\/www.on4cn.be\/blog_radio\/wp-json\/wp\/v2\/categories?post=1888"},{"taxonomy":"post_tag","embeddable":true,"href":"http:\/\/www.on4cn.be\/blog_radio\/wp-json\/wp\/v2\/tags?post=1888"}],"curies":[{"name":"wp","href":"https:\/\/api.w.org\/{rel}","templated":true}]}}