{"id":18353,"date":"2023-08-07T08:39:27","date_gmt":"2023-08-07T06:39:27","guid":{"rendered":"http:\/\/www.on4cn.be\/blog_radio\/?p=18353"},"modified":"2023-08-07T08:39:27","modified_gmt":"2023-08-07T06:39:27","slug":"autorisation-delivree-pour-lutilisation-de-la-bande-70-mhz","status":"publish","type":"post","link":"http:\/\/www.on4cn.be\/blog_radio\/2023\/08\/07\/autorisation-delivree-pour-lutilisation-de-la-bande-70-mhz\/","title":{"rendered":"Autorisation d\u00e9livr\u00e9e pour l&rsquo;utilisation de la bande 70 Mhz"},"content":{"rendered":"<article class=\"article\">\n<center><strong><span style=\"color: #ff0000;\"><\/p>\n<h3>Autorisation d\u00e9livr\u00e9e pour l&rsquo;utilisation de la bande 70 Mhz pour 2023<\/h3>\n<p><\/span><\/strong><\/center><\/p>\n<p><b>07\/08\/2023<\/b><\/p>\n<p style=\"text-align: center;\"><img loading=\"lazy\" decoding=\"async\" width=\"600\" height=\"176\" src=\"https:\/\/www.ft8.it\/wp-content\/uploads\/2023\/08\/ft8-70mhz.jpg\" class=\"aligncenter featured_image wp-post-image\" alt=\"\" srcset=\"https:\/\/www.ft8.it\/wp-content\/uploads\/2023\/08\/ft8-70mhz.jpg 1280w, https:\/\/www.ft8.it\/wp-content\/uploads\/2023\/08\/ft8-70mhz-300x87.jpg 300w, https:\/\/www.ft8.it\/wp-content\/uploads\/2023\/08\/ft8-70mhz-768x223.jpg 768w, https:\/\/www.ft8.it\/wp-content\/uploads\/2023\/08\/ft8-70mhz-1024x298.jpg 1024w\" sizes=\"auto, (max-width: 605px) 100vw, 605px\"><br \/> <br \/>\nCette ann\u00e9e \u00e9galement, Mise a publi\u00e9 une <a href='https:\/\/www.ft8.it\/images\/202382124653_70Mhz.pdf' target='_blank' rel=\"noopener\"><strong><span style=\"color: #ff0000;\">autorisation extraordinaire pour l&rsquo;utilisation de la bande 70 Mhz<\/span><\/strong><\/a> pour l&rsquo;ann\u00e9e 2023.<\/p>\n<p><b>Publi\u00e9 le 03\/08\/2023<\/b><\/p>\n<p>P\u00e9riode autoris\u00e9e\u00a0: du 6\u00a0ao\u00fbt au 31\u00a0d\u00e9cembre\u00a02023\u00a0;<br \/>\nEmplacements autoris\u00e9s\u00a0: territoire national \u00e0 l&rsquo;exclusion des zones interdites\u00a0;<span id='more-1593'><\/span><br \/>\nZones interdites\u00a0: bande de 30\u00a0km de large \u00e0 partir des fronti\u00e8res de la France, de la Suisse, de l&rsquo;Autriche, de la Slov\u00e9nie et de la Croatie\u00a0;<br \/>\nFr\u00e9quences autoris\u00e9es : 70.100 \u2013 70.200 \u2013 70.300 \u2013 70.400 MHz\u00a0;<br \/>\nBande passante autoris\u00e9e\u00a0: 25\u00a0KHz\u00a0;<br \/>\nModes autoris\u00e9s\u00a0: tous jusqu&rsquo;\u00e0 la bande passante maximale autoris\u00e9e\u00a0;<br \/>\n\u00c9quipement radio\u00a0: fixe, mobile et portable, auto-construit et commercial\u00a0;<br \/>\nAntennes autoris\u00e9es\u00a0: omnidirectionnelles et directives\u00a0;<br \/>\nPuissance maximale autoris\u00e9e\u00a0: 10\u00a0W<\/p>\n<p>Info de la Source Publi\u00e9 <a href=\"https:\/\/www.ft8.it\/\" target=\"_blank\" rel=\"noopener noreferrer\"><b><span style=\"color: #ff0000;\"> * ICI<\/span><\/b><\/a><\/p>\n<\/article>\n","protected":false},"excerpt":{"rendered":"<p>Autorisation d\u00e9livr\u00e9e pour l&rsquo;utilisation de la bande 70 Mhz pour 2023 07\/08\/2023 Cette ann\u00e9e \u00e9galement, Mise a publi\u00e9 une autorisation extraordinaire pour l&rsquo;utilisation de la bande 70 Mhz pour l&rsquo;ann\u00e9e 2023. Publi\u00e9 le 03\/08\/2023 P\u00e9riode autoris\u00e9e\u00a0: du 6\u00a0ao\u00fbt au 31\u00a0d\u00e9cembre\u00a02023\u00a0; Emplacements autoris\u00e9s\u00a0: territoire national \u00e0 l&rsquo;exclusion des zones interdites\u00a0; Zones interdites\u00a0: bande de 30\u00a0km de &hellip; <a href=\"http:\/\/www.on4cn.be\/blog_radio\/2023\/08\/07\/autorisation-delivree-pour-lutilisation-de-la-bande-70-mhz\/\" class=\"more-link\">Continuer la lecture<span class=\"screen-reader-text\"> de &laquo;&nbsp;Autorisation d\u00e9livr\u00e9e pour l&rsquo;utilisation de la bande 70 Mhz&nbsp;&raquo;<\/span><\/a><\/p>\n","protected":false},"author":1,"featured_media":0,"comment_status":"open","ping_status":"open","sticky":false,"template":"","format":"standard","meta":{"footnotes":""},"categories":[35,24,25],"tags":[],"class_list":["post-18353","post","type-post","status-publish","format-standard","hentry","category-info","category-trafic-radio","category-trafic-radioamatuer"],"_links":{"self":[{"href":"http:\/\/www.on4cn.be\/blog_radio\/wp-json\/wp\/v2\/posts\/18353","targetHints":{"allow":["GET"]}}],"collection":[{"href":"http:\/\/www.on4cn.be\/blog_radio\/wp-json\/wp\/v2\/posts"}],"about":[{"href":"http:\/\/www.on4cn.be\/blog_radio\/wp-json\/wp\/v2\/types\/post"}],"author":[{"embeddable":true,"href":"http:\/\/www.on4cn.be\/blog_radio\/wp-json\/wp\/v2\/users\/1"}],"replies":[{"embeddable":true,"href":"http:\/\/www.on4cn.be\/blog_radio\/wp-json\/wp\/v2\/comments?post=18353"}],"version-history":[{"count":0,"href":"http:\/\/www.on4cn.be\/blog_radio\/wp-json\/wp\/v2\/posts\/18353\/revisions"}],"wp:attachment":[{"href":"http:\/\/www.on4cn.be\/blog_radio\/wp-json\/wp\/v2\/media?parent=18353"}],"wp:term":[{"taxonomy":"category","embeddable":true,"href":"http:\/\/www.on4cn.be\/blog_radio\/wp-json\/wp\/v2\/categories?post=18353"},{"taxonomy":"post_tag","embeddable":true,"href":"http:\/\/www.on4cn.be\/blog_radio\/wp-json\/wp\/v2\/tags?post=18353"}],"curies":[{"name":"wp","href":"https:\/\/api.w.org\/{rel}","templated":true}]}}