{"id":16796,"date":"2022-04-15T07:01:03","date_gmt":"2022-04-15T06:01:03","guid":{"rendered":"http:\/\/www.on4cn.be\/blog_radio\/?p=16796"},"modified":"2022-04-15T07:01:03","modified_gmt":"2022-04-15T06:01:03","slug":"lu1zd-base-du-general-s-martin-2","status":"publish","type":"post","link":"http:\/\/www.on4cn.be\/blog_radio\/2022\/04\/15\/lu1zd-base-du-general-s-martin-2\/","title":{"rendered":"LU1ZD, Base du g\u00e9n\u00e9ral S. Martin"},"content":{"rendered":"<article class=\"article\">\n<center><strong><span style=\"color: #ff0000;\">Information LU1ZD, Base du g\u00e9n\u00e9ral S. Martin<\/span><\/strong><\/center><\/p>\n<p style=\"text-align: center;\"><img loading=\"lazy\" decoding=\"async\" src=\"https:\/\/www.cancilleria.gob.ar\/userfiles\/ut\/10-03-07_san_martin_aereas_59.jpg\" alt=\"\" width=\"600\" height=\"400\" \/><\/p>\n<p>( WAP \/ 14 AVRIL 2022 )<br \/>\nCarlos Almir\u00f3n (LU7DSY) informe que Claudio Daniel Karner &#8211; LU3DCK, actuellement \u00e0 bord de l&rsquo;I\/B Almirante Irizar, pr\u00e9voit d&rsquo;op\u00e9rer du vendredi 15 avril au lundi 18 avril 2022, \u00e0 la base<br \/>\nargentine Gen. San Mart\u00edn, WAP ARG- \u00d88.<\/p>\n<p>Voici le message de Carlos LU7DSY :<br \/>\nDe vendredi \u00e0 lundi, la base antarctique General San Mart\u00edn (LU1ZD) sera dans les airs, exploit\u00e9e par Claudio Karner LU3DCK, l&rsquo;un des membres d&rsquo;\u00e9quipage du brise-glace ARA &lsquo;Almirante Irizar&rsquo;<br \/>\nqui fera une escale de 4 jours \u00e0 la base .<\/p>\n<p>Le brise-glace ARA &lsquo;Almirante Irizar&rsquo;, qui navigue sur le continent antarctique, pr\u00e9voit de mouiller dans les prochaines heures devant la base de San Mart\u00edn. De l\u00e0, par h\u00e9licopt\u00e8re et<br \/>\np\u00e9niche de d\u00e9barquement, le personnel se rendra aux installations de la base.<\/p>\n<p>La base argentine de San Mart\u00edn est situ\u00e9e sur l&rsquo;\u00eelot Barry (68\u00ba 07&prime; Sud, 67\u00ba 08&prime; Ouest), au c\u0153ur de la p\u00e9ninsule antarctique. Barry Islet (Sanaviron Cove, Mottet Pass) fait partie des \u00eelots<br \/>\n Debenham (Margarita Bay, Fallieres Coast), situ\u00e9s pr\u00e8s de la mer de Bellinhaussen. L&rsquo;op\u00e9ration durera jusqu&rsquo;au lundi 18 inclus.<\/p>\n<p>( INFORMATIONS \/ 3 AVRIL 2022 )<br \/>\nMedhi &#8211; F5PFP informe que Claudio &#8211; LU3DCK, voyage \u00e0 bord du brise-glace argentin Alimirante Irizar, et s&rsquo;attend \u00e0 \u00eatre dans les airs sous le nom de LU2AIB, indicatif assign\u00e9 au navire.<br \/>\nD&rsquo;autre part, lors d&rsquo;une escale pr\u00e9vue de 4 jours \u00e0 la base General San Mart\u00edn, Claudio s&rsquo;attend \u00e0 \u00eatre QRV en tant que LU1ZD \u00e0 partir du 15 avril 2022.<\/p>\n<p style=\"text-align: justify;\">73, &#8211; Claude ON4CN<\/p>\n<p style=\"text-align: justify;\">Info de la Source de EA1CS <a href=\"http:\/\/ea1cs.blogspot.com\/\" target=\"_blank\" rel=\"noopener\"><b><span style=\"color: #0000ff;\"> ICI<\/span><\/b><\/a><\/p>\n<\/article>\n","protected":false},"excerpt":{"rendered":"<p>Information LU1ZD, Base du g\u00e9n\u00e9ral S. Martin ( WAP \/ 14 AVRIL 2022 ) Carlos Almir\u00f3n (LU7DSY) informe que Claudio Daniel Karner &#8211; LU3DCK, actuellement \u00e0 bord de l&rsquo;I\/B Almirante Irizar, pr\u00e9voit d&rsquo;op\u00e9rer du vendredi 15 avril au lundi 18 avril 2022, \u00e0 la base argentine Gen. San Mart\u00edn, WAP ARG- \u00d88. Voici le message &hellip; <a href=\"http:\/\/www.on4cn.be\/blog_radio\/2022\/04\/15\/lu1zd-base-du-general-s-martin-2\/\" class=\"more-link\">Continuer la lecture<span class=\"screen-reader-text\"> de &laquo;&nbsp;LU1ZD, Base du g\u00e9n\u00e9ral S. Martin&nbsp;&raquo;<\/span><\/a><\/p>\n","protected":false},"author":1,"featured_media":0,"comment_status":"open","ping_status":"open","sticky":false,"template":"","format":"standard","meta":{"footnotes":""},"categories":[11,22,24,25],"tags":[],"class_list":["post-16796","post","type-post","status-publish","format-standard","hentry","category-dx","category-infos-dx","category-trafic-radio","category-trafic-radioamatuer"],"_links":{"self":[{"href":"http:\/\/www.on4cn.be\/blog_radio\/wp-json\/wp\/v2\/posts\/16796","targetHints":{"allow":["GET"]}}],"collection":[{"href":"http:\/\/www.on4cn.be\/blog_radio\/wp-json\/wp\/v2\/posts"}],"about":[{"href":"http:\/\/www.on4cn.be\/blog_radio\/wp-json\/wp\/v2\/types\/post"}],"author":[{"embeddable":true,"href":"http:\/\/www.on4cn.be\/blog_radio\/wp-json\/wp\/v2\/users\/1"}],"replies":[{"embeddable":true,"href":"http:\/\/www.on4cn.be\/blog_radio\/wp-json\/wp\/v2\/comments?post=16796"}],"version-history":[{"count":0,"href":"http:\/\/www.on4cn.be\/blog_radio\/wp-json\/wp\/v2\/posts\/16796\/revisions"}],"wp:attachment":[{"href":"http:\/\/www.on4cn.be\/blog_radio\/wp-json\/wp\/v2\/media?parent=16796"}],"wp:term":[{"taxonomy":"category","embeddable":true,"href":"http:\/\/www.on4cn.be\/blog_radio\/wp-json\/wp\/v2\/categories?post=16796"},{"taxonomy":"post_tag","embeddable":true,"href":"http:\/\/www.on4cn.be\/blog_radio\/wp-json\/wp\/v2\/tags?post=16796"}],"curies":[{"name":"wp","href":"https:\/\/api.w.org\/{rel}","templated":true}]}}