{"id":16300,"date":"2022-01-06T05:20:37","date_gmt":"2022-01-06T04:20:37","guid":{"rendered":"http:\/\/www.on4cn.be\/blog_radio\/?p=16300"},"modified":"2022-01-06T05:20:37","modified_gmt":"2022-01-06T04:20:37","slug":"zy6a-ile-des-freres-sa-023","status":"publish","type":"post","link":"http:\/\/www.on4cn.be\/blog_radio\/2022\/01\/06\/zy6a-ile-des-freres-sa-023\/","title":{"rendered":"ZY6A, \u00cele des Fr\u00e8res SA-023"},"content":{"rendered":"<article class=\"article\">\n<center><strong><span style=\"color: #ff0000;\">Information ZY6A, \u00cele des Fr\u00e8res SA-023<\/span><\/strong><\/center><\/p>\n<p style=\"text-align: center;\"><img loading=\"lazy\" decoding=\"async\" src=\"https:\/\/blogger.googleusercontent.com\/img\/a\/AVvXsEjWwI1JArkfaOTfxLNVHHOqh43fvRDeyhFnRoYgCHWuAc-FCiyFCTaQ4WKpYvQ-SsCPUs5HHaiRGt36FgG7wiL1ajI7UjpdYbcoL3lZ1\nJ1yDTKFaFt0BKuH0qKyYvkk97w2_dqh14WOG8v5LZYXB8PugDnIb-BiFn_KVE2uGnYz4JwTJtTP-A=s16000\" alt=\"\" width=\"600\" height=\"400\" \/><\/p>\n<p>(\u00c9quipe \/ 5 JANVIER 2022)<br \/>\nL&rsquo;op\u00e9ration depuis \u00cele des Fr\u00e8res a \u00e9t\u00e9 reprogramm\u00e9e du 13 au 16 janvier 2022. Les op\u00e9rateurs ARRCO, Groupe Radioamateur de Concei\u00e7\u00e3o do Coit\u00e9, Rafael &#8211; PP2OK (Ssb) et Robson &#8211; PY6TV (Cw), seront QRV sur les fr\u00e9quences suivantes :<\/p>\n<ul>\n<li>28.460 et 28.40 Mhz.<\/li>\n<li>21 260 et 21 040 Mhz.<\/li>\n<li>14 260 et 14 040 Mhz.<\/li>\n<li>7 160 et 7 040 Mhz.<\/li>\n<\/ul>\n<p>Direct Qsl FRIARS Island \/ DXexpedition, Caixa Postal 62 Concei\u00e7\u00e3o do Coit\u00e9, BA 48730-00, Br\u00e9sil (SAE + U $ 3) ou PAYPAL (robsoalmeida@gmail.com) 3USD.<\/p>\n<p style=\"text-align: center;\"><img loading=\"lazy\" decoding=\"async\" src=\"https:\/\/lh3.googleusercontent.com\/-TkIfqgeVSjk\/Ybx9dT_uySI\/AAAAAAABNyQ\/KLk55Ap0gpEZ_VGdQteujHp7RI8JtbTJQCNcBGAsYHQ\/w533-h640\/zy6a.jpg\" alt=\"\" width=\"300\" height=\"300\" \/><\/p>\n<p style=\"text-align: justify;\">73, &#8211; Claude ON4CN<\/p>\n<p style=\"text-align: justify;\">Info de la Source de EA1CS <a href=\"http:\/\/ea1cs.blogspot.com\/\" target=\"_blank\" rel=\"noopener\"><b><span style=\"color: #0000ff;\"> ICI<\/span><\/b><\/a><\/p>\n<\/article>\n","protected":false},"excerpt":{"rendered":"<p>Information ZY6A, \u00cele des Fr\u00e8res SA-023 (\u00c9quipe \/ 5 JANVIER 2022) L&rsquo;op\u00e9ration depuis \u00cele des Fr\u00e8res a \u00e9t\u00e9 reprogramm\u00e9e du 13 au 16 janvier 2022. Les op\u00e9rateurs ARRCO, Groupe Radioamateur de Concei\u00e7\u00e3o do Coit\u00e9, Rafael &#8211; PP2OK (Ssb) et Robson &#8211; PY6TV (Cw), seront QRV sur les fr\u00e9quences suivantes : 28.460 et 28.40 Mhz. 21 &hellip; <a href=\"http:\/\/www.on4cn.be\/blog_radio\/2022\/01\/06\/zy6a-ile-des-freres-sa-023\/\" class=\"more-link\">Continuer la lecture<span class=\"screen-reader-text\"> de &laquo;&nbsp;ZY6A, \u00cele des Fr\u00e8res SA-023&nbsp;&raquo;<\/span><\/a><\/p>\n","protected":false},"author":1,"featured_media":0,"comment_status":"open","ping_status":"open","sticky":false,"template":"","format":"standard","meta":{"footnotes":""},"categories":[11,22,17,24,25],"tags":[],"class_list":["post-16300","post","type-post","status-publish","format-standard","hentry","category-dx","category-infos-dx","category-iota","category-trafic-radio","category-trafic-radioamatuer"],"_links":{"self":[{"href":"http:\/\/www.on4cn.be\/blog_radio\/wp-json\/wp\/v2\/posts\/16300","targetHints":{"allow":["GET"]}}],"collection":[{"href":"http:\/\/www.on4cn.be\/blog_radio\/wp-json\/wp\/v2\/posts"}],"about":[{"href":"http:\/\/www.on4cn.be\/blog_radio\/wp-json\/wp\/v2\/types\/post"}],"author":[{"embeddable":true,"href":"http:\/\/www.on4cn.be\/blog_radio\/wp-json\/wp\/v2\/users\/1"}],"replies":[{"embeddable":true,"href":"http:\/\/www.on4cn.be\/blog_radio\/wp-json\/wp\/v2\/comments?post=16300"}],"version-history":[{"count":0,"href":"http:\/\/www.on4cn.be\/blog_radio\/wp-json\/wp\/v2\/posts\/16300\/revisions"}],"wp:attachment":[{"href":"http:\/\/www.on4cn.be\/blog_radio\/wp-json\/wp\/v2\/media?parent=16300"}],"wp:term":[{"taxonomy":"category","embeddable":true,"href":"http:\/\/www.on4cn.be\/blog_radio\/wp-json\/wp\/v2\/categories?post=16300"},{"taxonomy":"post_tag","embeddable":true,"href":"http:\/\/www.on4cn.be\/blog_radio\/wp-json\/wp\/v2\/tags?post=16300"}],"curies":[{"name":"wp","href":"https:\/\/api.w.org\/{rel}","templated":true}]}}