{"id":11092,"date":"2020-08-09T06:47:47","date_gmt":"2020-08-09T05:47:47","guid":{"rendered":"http:\/\/www.on4cn.be\/blog_radio\/?p=11092"},"modified":"2020-08-09T06:47:47","modified_gmt":"2020-08-09T05:47:47","slug":"la-qsl-de-cq8f-eu-003","status":"publish","type":"post","link":"http:\/\/www.on4cn.be\/blog_radio\/2020\/08\/09\/la-qsl-de-cq8f-eu-003\/","title":{"rendered":"La Qsl de CQ8F, EU-003"},"content":{"rendered":"<article class=\"article\">\n<center><strong><span style=\"color: #ff0000;\"><\/p>\n<h3>Information La Qsl de CQ8F, EU-003<\/h3>\n<p><\/span><\/strong><\/center><\/p>\n<p style=\"text-align: center;\"><a href=\"https:\/\/1.bp.blogspot.com\/-UbJVZy8wQgc\/Xy7TlBbFXoI\/AAAAAAABIaE\/5qvcMx0qA24NcAiblGuY2M9hwDVH8WC3ACLcBGAsYHQ\/s1600\/CQ8F%2Bfrontal33%255B1093%255\nD.jpg\" imageanchor=\"1\" style=\"margin-left: 1em; margin-right: 1em;\"><img loading=\"lazy\" decoding=\"async\" width=\"600\" height=\"400\" src=\"https:\/\/1.bp.blogspot.com\/-UbJVZy8wQgc\n\/Xy7TlBbFXoI\/AAAAAAABIaE\/5qvcMx0qA24NcAiblGuY2M9hwDVH8WC3ACLcBGAsYHQ\/s1600\/CQ8F%2Bfrontal33%255B1093%255D.jpg\" \/><\/a><\/p>\n<p style=\"text-align: justify;\">Pedro &#8211; EA5GL, responsable de l&rsquo;op\u00e9ration r\u00e9alis\u00e9e \u00e0 partir des \u00eelots Formigas, EU-003 nous envoie le Qsl, qui est con\u00e7u par Miguel &#8211; EA5ZD.<br \/>\nRappelons que Marco CU7BC, Bruno CS8ABG et Paulo CU2CO, ont op\u00e9r\u00e9 le 29 juin 2020, depuis la r\u00e9serve naturelle des \u00eelots de Formigas, EU-003. QRV de 10 \u00e0 80mts en Cw et Ssb.<\/p>\n<p style=\"text-align: justify;\">73, &#8211; Claude ON4CN<\/p>\n<p style=\"text-align: justify;\">Info de la Source de EA1CS <a href=\"http:\/\/ea1cs.blogspot.com\/\" target=\"_blank\" rel=\"noopener noreferrer\"><b><span style=\"color: #0000ff;\"> ICI<\/span><\/b><\/a><\/p>\n<\/article>\n","protected":false},"excerpt":{"rendered":"<p>Information La Qsl de CQ8F, EU-003 Pedro &#8211; EA5GL, responsable de l&rsquo;op\u00e9ration r\u00e9alis\u00e9e \u00e0 partir des \u00eelots Formigas, EU-003 nous envoie le Qsl, qui est con\u00e7u par Miguel &#8211; EA5ZD. Rappelons que Marco CU7BC, Bruno CS8ABG et Paulo CU2CO, ont op\u00e9r\u00e9 le 29 juin 2020, depuis la r\u00e9serve naturelle des \u00eelots de Formigas, EU-003. QRV &hellip; <a href=\"http:\/\/www.on4cn.be\/blog_radio\/2020\/08\/09\/la-qsl-de-cq8f-eu-003\/\" class=\"more-link\">Continuer la lecture<span class=\"screen-reader-text\"> de &laquo;&nbsp;La Qsl de CQ8F, EU-003&nbsp;&raquo;<\/span><\/a><\/p>\n","protected":false},"author":1,"featured_media":0,"comment_status":"open","ping_status":"open","sticky":false,"template":"","format":"standard","meta":{"footnotes":""},"categories":[35,17,20,24,25],"tags":[],"class_list":["post-11092","post","type-post","status-publish","format-standard","hentry","category-info","category-iota","category-qsl","category-trafic-radio","category-trafic-radioamatuer"],"_links":{"self":[{"href":"http:\/\/www.on4cn.be\/blog_radio\/wp-json\/wp\/v2\/posts\/11092","targetHints":{"allow":["GET"]}}],"collection":[{"href":"http:\/\/www.on4cn.be\/blog_radio\/wp-json\/wp\/v2\/posts"}],"about":[{"href":"http:\/\/www.on4cn.be\/blog_radio\/wp-json\/wp\/v2\/types\/post"}],"author":[{"embeddable":true,"href":"http:\/\/www.on4cn.be\/blog_radio\/wp-json\/wp\/v2\/users\/1"}],"replies":[{"embeddable":true,"href":"http:\/\/www.on4cn.be\/blog_radio\/wp-json\/wp\/v2\/comments?post=11092"}],"version-history":[{"count":0,"href":"http:\/\/www.on4cn.be\/blog_radio\/wp-json\/wp\/v2\/posts\/11092\/revisions"}],"wp:attachment":[{"href":"http:\/\/www.on4cn.be\/blog_radio\/wp-json\/wp\/v2\/media?parent=11092"}],"wp:term":[{"taxonomy":"category","embeddable":true,"href":"http:\/\/www.on4cn.be\/blog_radio\/wp-json\/wp\/v2\/categories?post=11092"},{"taxonomy":"post_tag","embeddable":true,"href":"http:\/\/www.on4cn.be\/blog_radio\/wp-json\/wp\/v2\/tags?post=11092"}],"curies":[{"name":"wp","href":"https:\/\/api.w.org\/{rel}","templated":true}]}}