{"id":1493,"date":"2025-02-17T08:10:39","date_gmt":"2025-02-17T07:10:39","guid":{"rendered":"https:\/\/www.on4cn.be\/blog_ot4n\/?p=1493"},"modified":"2025-02-17T08:10:39","modified_gmt":"2025-02-17T07:10:39","slug":"ce-pilote-de-f1-pourrait-etre-vire-avant-meme-le-coup-denvoi-de-la-saison-2025","status":"publish","type":"post","link":"http:\/\/www.on4cn.be\/blog_ot4n\/2025\/02\/17\/ce-pilote-de-f1-pourrait-etre-vire-avant-meme-le-coup-denvoi-de-la-saison-2025\/","title":{"rendered":"Ce pilote de F1 pourrait \u00eatre vir\u00e9 avant m\u00eame le coup d&rsquo;envoi de la saison 2025"},"content":{"rendered":"<article class=\"article\">\n<p style=\"text-align: center;\"><img loading=\"lazy\" decoding=\"async\" src=\"https:\/\/f1i.autojournal.fr\/wp-content\/uploads\/sites\/17\/2025\/02\/xpb_1323958_1200px-750x410.jpg\" width=\"500\" height=\"300\" \/><\/p>\n<p><center><\/p>\n<h3>Ce pilote de F1 pourrait \u00eatre vir\u00e9 avant m\u00eame le coup d&rsquo;envoi de la saison 2025<\/h3>\n<p><\/center><\/p>\n<p itemprop=\"description\">La saison 2025 du championnat du monde de Formule 1 pourrait conna\u00eetre un premier rebondissement avant m\u00eame le coup d&rsquo;envoi du Grand Prix d&rsquo;Australie.<\/p>\n<p>C&rsquo;est le sujet br\u00fblant du moment chez Alpine : la situation de Jack Doohan. L&rsquo;ancien pilote de Formule 1 Juan-Pablo Montoya est persuad\u00e9 que l\u2019\u00e9curie fran\u00e7aise a d\u00e9j\u00e0 act\u00e9 son remplacement par Franco Colapinto, peut-\u00eatre m\u00eame avant le coup d&rsquo;envoi de la <a href=\"https:\/\/f1i.autojournal.fr\/calendrier-f1-2025-dates-horaires-grands-prix\/\" data-mrf-link=\"https:\/\/f1i.autojournal.fr\/calendrier-f1-2025-dates-horaires-grands-prix\/\" cmp-ltrk=\"Article\" cmp-ltrk-idx=\"0\" mrfobservableid=\"a481e8b0-b72a-4174-a4bf-ef326ab8b7d6\">saison F1 2025<\/a> en Australie, d&rsquo;o\u00f9 est originaire Doohan.<\/p>\n<p>\u00ab\u00a0Alpine a organis\u00e9 des tests comparatifs entre Colapinto et Doohan, et Briatore ne cesse de publier des photos de Colapinto sur ses r\u00e9seaux sociaux. Beaucoup pensent que tout est d\u00e9j\u00e0 d\u00e9cid\u00e9, et tr\u00e8s franchement je pense que la messe est dite pour lui\u00a0\u00bb, commente le Colombien.<\/p>\n<p>Selon lui, la popularit\u00e9 grandissante de Colapinto joue un r\u00f4le cl\u00e9 dans cette d\u00e9cision : \u00ab\u00a0La Formule 1 a vu \u00e0 quel point il est populaire et, en coulisses, on aide d\u00e9j\u00e0 \u00e0 ce que cela se concr\u00e9tise. Alpine a des talents en F2 et F3, mais aucun d\u2019eux n\u2019aura le si\u00e8ge. Il ira \u00e0 Franco.\u00a0\u00bb<\/p>\n<ul style=\"background-color: #cccccc; font-family: &quot;Times New Roman&quot;, Times, FreeSerif, serif; font-size: 18.7px; line-height: 1.4; margin: 0.5em 0px; padding: 0px 2.5em;\">\n<li><a href=\"https:\/\/f1i.autojournal.fr\/infos\/mercato-f1\/ce-pilote-de-f1-pourrait-etre-vire-avant-meme-le-coup-denvoi-de-la-nouvelle-saison\/\" target=\"_blank\" rel=\"noopener\"><span style=\"color: #0000ff;\"><b>Continuer la lecture &#8212;&#187; ICI<\/b><\/span><\/a><\/li>\n<\/ul>\n<p>Info de la Source <a href=\"https:\/\/f1i.autojournal.fr\/infos\/mercato-f1\/ce-pilote-de-f1-pourrait-etre-vire-avant-meme-le-coup-denvoi-de-la-nouvelle-saison\/\" target=\"_blank\" rel=\"noopener\"><b><span style=\"color: #ff0000;\"> * ICI<\/span><\/b><\/a><\/p>\n<\/article>\n","protected":false},"excerpt":{"rendered":"<p>Ce pilote de F1 pourrait \u00eatre vir\u00e9 avant m\u00eame le coup d&rsquo;envoi de la saison 2025 La saison 2025 du championnat du monde de Formule 1 pourrait conna\u00eetre un premier rebondissement avant m\u00eame le coup d&rsquo;envoi du Grand Prix d&rsquo;Australie. C&rsquo;est le sujet br\u00fblant du moment chez Alpine : la situation de Jack Doohan. L&rsquo;ancien pilote de Formule 1 Juan-Pablo Montoya est persuad\u00e9 que l\u2019\u00e9curie fran\u00e7aise a d\u00e9j\u00e0 act\u00e9 son remplacement par Franco Colapinto, peut-\u00eatre m\u00eame avant le coup d&rsquo;envoi&#8230;<\/p>\n<p class=\"read-more\"><a class=\"btn btn-default\" href=\"http:\/\/www.on4cn.be\/blog_ot4n\/2025\/02\/17\/ce-pilote-de-f1-pourrait-etre-vire-avant-meme-le-coup-denvoi-de-la-saison-2025\/\">Lire la suite<span class=\"screen-reader-text\"> Lire la suite<\/span><\/a><\/p>\n","protected":false},"author":1,"featured_media":0,"comment_status":"open","ping_status":"open","sticky":false,"template":"","format":"standard","meta":{"footnotes":""},"categories":[10,11,5],"tags":[],"_links":{"self":[{"href":"http:\/\/www.on4cn.be\/blog_ot4n\/wp-json\/wp\/v2\/posts\/1493"}],"collection":[{"href":"http:\/\/www.on4cn.be\/blog_ot4n\/wp-json\/wp\/v2\/posts"}],"about":[{"href":"http:\/\/www.on4cn.be\/blog_ot4n\/wp-json\/wp\/v2\/types\/post"}],"author":[{"embeddable":true,"href":"http:\/\/www.on4cn.be\/blog_ot4n\/wp-json\/wp\/v2\/users\/1"}],"replies":[{"embeddable":true,"href":"http:\/\/www.on4cn.be\/blog_ot4n\/wp-json\/wp\/v2\/comments?post=1493"}],"version-history":[{"count":1,"href":"http:\/\/www.on4cn.be\/blog_ot4n\/wp-json\/wp\/v2\/posts\/1493\/revisions"}],"predecessor-version":[{"id":1494,"href":"http:\/\/www.on4cn.be\/blog_ot4n\/wp-json\/wp\/v2\/posts\/1493\/revisions\/1494"}],"wp:attachment":[{"href":"http:\/\/www.on4cn.be\/blog_ot4n\/wp-json\/wp\/v2\/media?parent=1493"}],"wp:term":[{"taxonomy":"category","embeddable":true,"href":"http:\/\/www.on4cn.be\/blog_ot4n\/wp-json\/wp\/v2\/categories?post=1493"},{"taxonomy":"post_tag","embeddable":true,"href":"http:\/\/www.on4cn.be\/blog_ot4n\/wp-json\/wp\/v2\/tags?post=1493"}],"curies":[{"name":"wp","href":"https:\/\/api.w.org\/{rel}","templated":true}]}}