{"id":1459,"date":"2025-01-03T15:20:54","date_gmt":"2025-01-03T14:20:54","guid":{"rendered":"https:\/\/www.on4cn.be\/blog_ot4n\/?p=1459"},"modified":"2025-01-03T15:20:54","modified_gmt":"2025-01-03T14:20:54","slug":"barry-baltus-pilote-fantic-en-2025","status":"publish","type":"post","link":"http:\/\/www.on4cn.be\/blog_ot4n\/2025\/01\/03\/barry-baltus-pilote-fantic-en-2025\/","title":{"rendered":"Barry Baltus pilote Fantic en 2025"},"content":{"rendered":"<article class=\"article\">\n<center><\/p>\n<h3>Barry Baltus pilote Fantic en 2025<\/h3>\n<p><\/center><\/p>\n<p style=\"text-align: center;\"><a href=\"https:\/\/www.gp-inside.com\/content\/images\/size\/w2000\/2024\/11\/baltus-barry-fantic-2025.jpg\" target=\"_blank\" rel=\"noopener\"><img loading=\"lazy\" decoding=\"async\" class=\"aligncenter size-full wp-image-1239\" src=\"https:\/\/www.gp-inside.com\/content\/images\/size\/w2000\/2024\/11\/baltus-barry-fantic-2025.jpg\" alt=\"\" width=\"500\" height=\"300\" \/><\/a><\/p>\n<p>Barry Baltus disputera le championnat du monde Moto2 2025 avec l&rsquo;\u00e9quipe Fantic Racing. L&rsquo;actuel meilleur pilote belge, mont\u00e9 sur le podium au Qatar cette saison, fera \u00e9quipe avec Aron Canet.<\/p>\n<p>Barry Baltus poursuivra son ascension dans le Championnat du Monde Moto2 en 2025. Le jeune talent belge rejoindra Fantic Racing pour disputer sa cinqui\u00e8me saison dans la cat\u00e9gorie interm\u00e9diaire des Grands Prix, au guidon de la Kalex du team italien. Ce sera sa sixi\u00e8me ann\u00e9e sur la sc\u00e8ne internationale.<\/p>\n<p>\u00c2g\u00e9 de 20 ans, Barry Baltus est arriv\u00e9 en Championnat du Monde Moto3 en 2020. Il a rapidement avanc\u00e9 vers la classe Moto2, plus adapt\u00e9e \u00e0 son style de pilotage et ses caract\u00e9ristiques physiques. Les progr\u00e8s ont \u00e9t\u00e9 croissants entre 2021 (2 points), 2022 (30 points) et 2023 (55 points). Le Belge a d\u00e9croch\u00e9 le premier podium de sa carri\u00e8re en 2024 \u2013 et le premier du team RW-Idrofoglia Racing GP \u2013, terminant second du Grand Prix du Qatar.<\/p>\n<p>Le transfert de Barry Baltus chez Fantic Racing marque une nouvelle \u00e9tape dans sa carri\u00e8re. Le pilote Zelos Black Knights \u00e9voluera dans l&rsquo;un des meilleurs teams du Championnat du Monde Moto2, sous la direction du project manager Stefano Bedon et du team-manager Roberto Locatelli. Cr\u00e9\u00e9e en 2023, l&rsquo;\u00e9quipe Fantic Racing a d\u00e9j\u00e0 remport\u00e9 4 victoires et 9 podiums en peu de temps. Barry Baltus partagera son box avec Aron Canet, vice-champion du monde 2024 et vainqueur de trois courses cette saison.<\/p>\n<p style=\"text-align: center;\"><a href=\"https:\/\/www.gp-inside.com\/content\/images\/size\/w1000\/2024\/11\/barry-baltus-fantic-2025.jpg\" target=\"_blank\" rel=\"noopener\"><img loading=\"lazy\" decoding=\"async\" class=\"aligncenter size-full wp-image-1239\" src=\"https:\/\/www.gp-inside.com\/content\/images\/size\/w1000\/2024\/11\/barry-baltus-fantic-2025.jpg\" alt=\"\" width=\"500\" height=\"300\" \/><\/a><\/p>\n<p><strong>Barry Baltus (Pilote Zelos Black Knights) :<\/strong>&nbsp;\u00ab Je suis tr\u00e8s heureux de rejoindre Fantic Racing et j\u2019en porterai fi\u00e8rement les couleurs. Il s\u2019agit d\u2019une \u00e9quipe de top-niveau, ambitieuse et dont le projet correspond \u00e0 ce que je voulais pour la suite de ma carri\u00e8re. Ils se battent constamment pour les premi\u00e8res positions et je suis tr\u00e8s motiv\u00e9 \u00e0 l\u2019id\u00e9e de travailler avec eux. Merci beaucoup \u00e0 Fantic, \u00e0 mon management Zelos ainsi qu\u2019\u00e0 tous les sponsors et les fans qui nous soutiennent. Maintenant que tout est clair concernant l\u2019avenir, nous pouvons mettre toute notre \u00e9nergie dans la fin de la saison 2024, avant de d\u00e9buter ce nouveau chapitre ! \u00bb<\/p>\n<p><strong>Freddy Tacheny (Pr\u00e9sident Fondateur de Zelos) :<\/strong>&nbsp;\u00ab Barry Baltus est encore tr\u00e8s jeune mais sa phase d\u2019apprentissage touche \u00e0 sa fin, et une nouvelle page de sa carri\u00e8re s\u2019ouvrira en 2025. Nous sommes tr\u00e8s heureux que cela se fasse avec Fantic Racing. C&rsquo;est une \u00e9quipe de pointe et tr\u00e8s professionnelle, comme l\u2019illustrent les r\u00e9sultats obtenus depuis sa cr\u00e9ation en 2023. Nous sommes convaincus qu\u2019elle permettra \u00e0 Barry de passer un nouveau cap dans sa qu\u00eate de succ\u00e8s. Merci \u00e0 tous nos partenaires et \u00e0 tous les fans qui nous accompagnent dans cette belle aventure. Nous attendons 2025 avec impatience, mais avons aussi \u00e0 c\u0153ur de terminer 2024 de la meilleure mani\u00e8re possible. \u00bb<\/p>\n<p><strong>Stefano Bedon (Project Manager Fantic Racing Moto2) :<\/strong>&nbsp;\u00ab Nous sommes heureux d&rsquo;accueillir Barry Baltus dans notre projet. C&rsquo;\u00e9tait le bon moment pour lui de se lancer de nouveaux d\u00e9fis, apr\u00e8s quatre ann\u00e9es dans la m\u00eame \u00e9quipe&nbsp;et d\u00e9j\u00e0 un podium \u00e0 son palmar\u00e8s. Avoir un co\u00e9quipier du calibre de Canet va lui offrir une grande opportunit\u00e9 de continuer \u00e0 progresser, et nous sommes pr\u00eats \u00e0&nbsp;le soutenir&nbsp;pleinement dans son aventure. \u00bb<\/p>\n<p><strong>Mariano Roman&nbsp;(Vice-Pr\u00e9sident Fantic Motor) :<\/strong>&nbsp;\u00ab Nous avons \u00e9tabli l&rsquo;\u00e9quipe Fantic Racing Moto2 aux avant-postes d\u00e8s notre deuxi\u00e8me ann\u00e9e en&nbsp;Championnat du Monde,&nbsp;avec Aron Canet exprimant tout son potentiel, obtenant trois superbes victoires et la deuxi\u00e8me place du classement g\u00e9n\u00e9ral. Nous sommes enthousiastes d&rsquo;accueillir&nbsp;un jeune talent comme Barry Baltus dans notre famille en 2025. En plus du grand niveau technique atteint par le team durant ces deux premi\u00e8res ann\u00e9es de d\u00e9veloppement, Fantic est aussi engag\u00e9 \u00e0 cr\u00e9er un environnement o\u00f9 les pilotes se sentent chez eux et peuvent donner le meilleur. Faire cette annonce \u00e0 l&rsquo;EICMA est \u00e9galement sp\u00e9cial, car nous pr\u00e9sentons la nouvelle gamme de Fantic, inspir\u00e9e par nos succ\u00e8s sur les circuits aux quatre coins du monde. \u00bb<\/p>\n<p>Zelos tient \u00e0 remercier RW-Idrofoglia Racing GP, son propri\u00e9taire Roelof Waninge, son team-manager Jarno Janssen et l&rsquo;ensemble de l\u2019\u00e9quipe pour les quatre saisons pass\u00e9es ensemble<\/p>\n<p>Info de la Source <a href=\"https:\/\/www.gp-inside.com\/barry-baltus-pilote-fantic-en-2025\/\" target=\"_blank\" rel=\"noopener\"><b><span style=\"color: #ff0000;\"> * ICI<\/span><\/b><\/a><\/p>\n<\/article>\n","protected":false},"excerpt":{"rendered":"<p>Barry Baltus pilote Fantic en 2025 Barry Baltus disputera le championnat du monde Moto2 2025 avec l&rsquo;\u00e9quipe Fantic Racing. L&rsquo;actuel meilleur pilote belge, mont\u00e9 sur le podium au Qatar cette saison, fera \u00e9quipe avec Aron Canet. Barry Baltus poursuivra son ascension dans le Championnat du Monde Moto2 en 2025. Le jeune talent belge rejoindra Fantic Racing pour disputer sa cinqui\u00e8me saison dans la cat\u00e9gorie interm\u00e9diaire des Grands Prix, au guidon de la Kalex du team italien. Ce sera sa sixi\u00e8me&#8230;<\/p>\n<p class=\"read-more\"><a class=\"btn btn-default\" href=\"http:\/\/www.on4cn.be\/blog_ot4n\/2025\/01\/03\/barry-baltus-pilote-fantic-en-2025\/\">Lire la suite<span class=\"screen-reader-text\"> Lire la suite<\/span><\/a><\/p>\n","protected":false},"author":1,"featured_media":0,"comment_status":"open","ping_status":"open","sticky":false,"template":"","format":"standard","meta":{"footnotes":""},"categories":[7,5],"tags":[],"_links":{"self":[{"href":"http:\/\/www.on4cn.be\/blog_ot4n\/wp-json\/wp\/v2\/posts\/1459"}],"collection":[{"href":"http:\/\/www.on4cn.be\/blog_ot4n\/wp-json\/wp\/v2\/posts"}],"about":[{"href":"http:\/\/www.on4cn.be\/blog_ot4n\/wp-json\/wp\/v2\/types\/post"}],"author":[{"embeddable":true,"href":"http:\/\/www.on4cn.be\/blog_ot4n\/wp-json\/wp\/v2\/users\/1"}],"replies":[{"embeddable":true,"href":"http:\/\/www.on4cn.be\/blog_ot4n\/wp-json\/wp\/v2\/comments?post=1459"}],"version-history":[{"count":1,"href":"http:\/\/www.on4cn.be\/blog_ot4n\/wp-json\/wp\/v2\/posts\/1459\/revisions"}],"predecessor-version":[{"id":1460,"href":"http:\/\/www.on4cn.be\/blog_ot4n\/wp-json\/wp\/v2\/posts\/1459\/revisions\/1460"}],"wp:attachment":[{"href":"http:\/\/www.on4cn.be\/blog_ot4n\/wp-json\/wp\/v2\/media?parent=1459"}],"wp:term":[{"taxonomy":"category","embeddable":true,"href":"http:\/\/www.on4cn.be\/blog_ot4n\/wp-json\/wp\/v2\/categories?post=1459"},{"taxonomy":"post_tag","embeddable":true,"href":"http:\/\/www.on4cn.be\/blog_ot4n\/wp-json\/wp\/v2\/tags?post=1459"}],"curies":[{"name":"wp","href":"https:\/\/api.w.org\/{rel}","templated":true}]}}